{"id":1126,"date":"2016-11-04T23:41:48","date_gmt":"2016-11-04T22:41:48","guid":{"rendered":"https:\/\/www.simeuble.fr\/blog\/?p=1126"},"modified":"2025-05-12T12:12:03","modified_gmt":"2025-05-12T11:12:03","slug":"foire-de-dijon-quelques-conseils","status":"publish","type":"post","link":"https:\/\/www.simeuble.fr\/blog\/foire-de-dijon-quelques-conseils\/","title":{"rendered":"Foire de Dijon : quelques conseils"},"content":{"rendered":"<p>[et_pb_section fb_built=\u00a0\u00bb1&Prime; _builder_version=\u00a0\u00bb4.16&Prime; global_colors_info=\u00a0\u00bb{}\u00a0\u00bb][et_pb_row _builder_version=\u00a0\u00bb4.16&Prime; background_size=\u00a0\u00bbinitial\u00a0\u00bb background_position=\u00a0\u00bbtop_left\u00a0\u00bb background_repeat=\u00a0\u00bbrepeat\u00a0\u00bb global_colors_info=\u00a0\u00bb{}\u00a0\u00bb][et_pb_column type=\u00a0\u00bb4_4&Prime; _builder_version=\u00a0\u00bb4.16&Prime; custom_padding=\u00a0\u00bb|||\u00a0\u00bb global_colors_info=\u00a0\u00bb{}\u00a0\u00bb custom_padding__hover=\u00a0\u00bb|||\u00a0\u00bb][et_pb_text _builder_version=\u00a0\u00bb4.27.4&Prime; background_size=\u00a0\u00bbinitial\u00a0\u00bb background_position=\u00a0\u00bbtop_left\u00a0\u00bb background_repeat=\u00a0\u00bbrepeat\u00a0\u00bb hover_enabled=\u00a0\u00bb0&Prime; global_colors_info=\u00a0\u00bb{}\u00a0\u00bb sticky_enabled=\u00a0\u00bb0&Prime;]<\/p>\n<p style=\"text-align: center;\">\n<p>La <strong>foire de Dijon<\/strong> est un <strong>rendez vous majeur en bourgogne<\/strong> donnant lieu \u00e0 de nombreuses festivit\u00e9s, c\u2019est une occasion unique de d\u00e9couverte selon les go\u00fbts, les priorit\u00e9s de chacun, petits et grands&#8230;<\/p>\n<p>Le succ\u00e8s de la foire de Dijon est ancr\u00e9 sur de solides fondations. La gastronomie en est le fil conducteur au travers des <strong>riches et diverses traditions Fran\u00e7aises<\/strong> ou internationales&#8230;<\/p>\n<p>C\u2019est aussi l\u2019opportunit\u00e9 de d\u00e9couvrir les tendances actuelles du mobilier o\u00f9 les recettes des exposants peuvent varier&#8230; de nombreuses collections sont mises en avant. C\u2019est <strong>une belle vitrine<\/strong> pour les personnes qui envisagent d\u2019am\u00e9liorer le <strong>confort, l\u2019am\u00e9nagement, l\u2019esth\u00e9tisme<\/strong> dans leur habitat.<\/p>\n<p>Pour trouver satisfaction il est utile de se rappeler que <strong>tout achat est important<\/strong> et se doit d\u2019\u00eatre bien men\u00e9.<\/p>\n<h2>Quelques questions\u00a0simples avant d&rsquo;acheter.<\/h2>\n<p>Elles permettent de s\u2019assurer que votre futur mobilier saura vous satisfaire aujourd\u2019hui et demain.<\/p>\n<ol>\n<li>Le <strong>conseil juste<\/strong> et <strong>adapt\u00e9 <\/strong>bas\u00e9 sur une <strong>vraie \u00e9coute de VOS attentes<\/strong> en prenant <strong>le temps de l\u2019\u00e9change.<br \/><\/strong>La relation avec le vendeur r\u00e9pond-elle au besoin de conseil que vous souhaitez avoir dans le temps, pour vos futurs projets ?<\/li>\n<li>Un meuble vous pla\u00eet &#8230; comment va t il s\u2019agencer dans votre int\u00e9rieur ?<\/li>\n<li>Quel est <strong>VOTRE objectif prioritaire<\/strong> motivant votre futur achat ?<\/li>\n<li>Le budget que vous souhaitez y consacrer est il bien estim\u00e9 ? Le prix que vous \u00eates pr\u00eat \u00e0 payer est il en rapport avec <strong>la qualit\u00e9 du mobilier pr\u00e9sent\u00e9<\/strong>, <strong>le service propos\u00e9, les garanties ?<br \/><\/strong><\/li>\n<\/ol>\n<h2>Pas de d\u00e9lai de r\u00e9tractation en foire de Dijon, ou dans un salon. Le saviez-vous ?<\/h2>\n<p>IMPORTANT ! Beaucoup de consommateurs croient, \u00e0 tort, qu&rsquo;ils b\u00e9n\u00e9ficient d&rsquo;un d\u00e9lai de r\u00e9tractation pour les <em>achats<\/em> effectu\u00e9s sur les <em>foires<\/em> et salons.<\/p>\n<p><b>La loi relative \u00e0 la consommation du 17 mars 2014 oblige le vendeur professionnel, en foire ou salon, ou sur toute manifestation commerciale, par exemple en parc d\u2019exposition, \u00e0 informer clairement le consommateur qu\u2019il ne dispose pas d\u2019un droit de r\u00e9tractation\u00a0: <\/b>cette information doit lui \u00eatre donn\u00e9e avant la conclusion du contrat, de fa\u00e7on visible et lisible.<\/p>\n<p>Alors assurez-vous d&rsquo;\u00eatre bien inform\u00e9. Des revues comme <strong>50 millions de consommateurs<\/strong>, ou des associations comme <a href=\"http:\/\/www.ufcquechoisir71.fr\/foires-et-salons.html\" target=\"_blank\" rel=\"noopener\"><strong>UFC Que Choisir<\/strong> <\/a>invitent a juste titre \u00e0 la prudence.\u00a0<a href=\"https:\/\/www.service-public.fr\/professionnels-entreprises\/actualites\/007164\" target=\"_blank\" rel=\"noopener\">Pour vous convaincre, lisez cet article du Service Public\u00a0<\/a>.<\/p>\n<h2>Le savoir faire Simeuble<\/h2>\n<p><strong>L\u2019\u00e9quipe SIMEUBLE<\/strong> fait le choix exclusif de <strong>l\u2019accueil convivial<\/strong>\u00a0et\u00a0<strong>chaleureux <\/strong>\u00a0dans notre <strong>magasin atypique<\/strong> de Pierre de Bresse pour faire Votre choix dans un environnement que nous avons souhait\u00e9 le plus ad\u00e9quat possible : lumi\u00e8re, mise en sc\u00e8ne, essai complet des mobiliers permettent de faire le<strong>\u00a0bon choix<\/strong>.<\/p>\n<p>Vous rencontrer pour un <strong>vrai moment d\u2019\u00e9coute<\/strong> est essentiel pour vous satisfaire, c\u2019est <strong>la recette SIMEUBLE<\/strong>.<br \/><strong>Depuis 50 ans<\/strong> , \u00e0 Pierre de Bresse (71), <strong>SIMEUBLE vous accompagne<\/strong> dans vos projets ( 55 min de Dijon, 30 min de Dole, 35 min de Chalon sur Sa\u00f4ne). Nous vous souhaitons une excellente foire de Dijon, et soyez raisonnables \u00e0 la d\u00e9gustation des crus Bourguignons&#8230;<br \/>La s\u00e9curit\u00e9 routi\u00e8re est elle aussi fondamentale\u00a0!<\/p>\n<p>[\/et_pb_text][\/et_pb_column][\/et_pb_row][et_pb_row column_structure=\u00a0\u00bb1_3,1_3,1_3&Prime; _builder_version=\u00a0\u00bb4.27.4&Prime; _module_preset=\u00a0\u00bbdefault\u00a0\u00bb global_colors_info=\u00a0\u00bb{}\u00a0\u00bb][et_pb_column type=\u00a0\u00bb1_3&Prime; _builder_version=\u00a0\u00bb4.27.4&Prime; _module_preset=\u00a0\u00bbdefault\u00a0\u00bb global_colors_info=\u00a0\u00bb{}\u00a0\u00bb][et_pb_blurb image=\u00a0\u00bbhttps:\/\/www.simeuble.fr\/blog\/wp-content\/uploads\/2016\/11\/Canape\u0301-dangle-en-microfibre-turquoise-1024&#215;682.jpg\u00a0\u00bb alt=\u00a0\u00bbcanape-dangle-en-microfibre-turquoise\u00a0\u00bb _builder_version=\u00a0\u00bb4.27.4&Prime; _module_preset=\u00a0\u00bbdefault\u00a0\u00bb global_colors_info=\u00a0\u00bb{}\u00a0\u00bb]<\/p>\n<p><span>A partir de 1299 \u20ac Canap\u00e9 d&rsquo;angle en microfibre. Autres couleurs disponibles<\/span><\/p>\n<p>[\/et_pb_blurb][\/et_pb_column][et_pb_column type=\u00a0\u00bb1_3&Prime; _builder_version=\u00a0\u00bb4.27.4&Prime; _module_preset=\u00a0\u00bbdefault\u00a0\u00bb global_colors_info=\u00a0\u00bb{}\u00a0\u00bb][et_pb_blurb image=\u00a0\u00bbhttps:\/\/www.simeuble.fr\/blog\/wp-content\/uploads\/2016\/11\/Salle-a\u0300-manger-contemporaine-en-me\u0301lamine\u0301e\u0301.jpg\u00a0\u00bb alt=\u00a0\u00bbsalle-a-manger-contemporaine-en-melaminee\u00a0\u00bb _builder_version=\u00a0\u00bb4.27.4&Prime; _module_preset=\u00a0\u00bbdefault\u00a0\u00bb global_colors_info=\u00a0\u00bb{}\u00a0\u00bb]<\/p>\n<p><span>A partir de 1199 \u20ac Salle \u00e0 manger contemporaine &#8211; melamin\u00e9.Table + enfilade<\/span><\/p>\n<p>[\/et_pb_blurb][\/et_pb_column][et_pb_column type=\u00a0\u00bb1_3&Prime; _builder_version=\u00a0\u00bb4.27.4&Prime; _module_preset=\u00a0\u00bbdefault\u00a0\u00bb global_colors_info=\u00a0\u00bb{}\u00a0\u00bb][et_pb_blurb image=\u00a0\u00bbhttps:\/\/www.simeuble.fr\/blog\/wp-content\/uploads\/2016\/11\/Matelas-2-personnes-en-140-x-190-1024&#215;682.jpg\u00a0\u00bb alt=\u00a0\u00bbmatelas-2-personnes-en-140-x-190&Prime; _builder_version=\u00a0\u00bb4.27.4&Prime; _module_preset=\u00a0\u00bbdefault\u00a0\u00bb global_colors_info=\u00a0\u00bb{}\u00a0\u00bb]<\/p>\n<p><span>A partir de 199 \u20ac Matelas 2 personnes 140 x 190<\/span><\/p>\n<p>[\/et_pb_blurb][\/et_pb_column][\/et_pb_row][\/et_pb_section]<\/p>\n","protected":false},"excerpt":{"rendered":"<p>La foire de Dijon est un rendez vous majeur en bourgogne donnant lieu \u00e0 de nombreuses festivit\u00e9s, c\u2019est une occasion unique de d\u00e9couverte selon les go\u00fbts, les priorit\u00e9s de chacun, petits et grands&#8230; Le succ\u00e8s de la foire de Dijon est ancr\u00e9 sur de solides fondations. La gastronomie en est le fil conducteur au travers [&hellip;]<\/p>\n","protected":false},"author":11,"featured_media":1141,"comment_status":"open","ping_status":"open","sticky":false,"template":"","format":"standard","meta":{"_et_pb_use_builder":"on","_et_pb_old_content":"<p style=\"text-align: center;\"><a class=\"single_photoswipe\" href=\"https:\/\/www.simeuble.fr\/blog\/wp-content\/uploads\/2016\/11\/Foire-Dijon.png\" data-size=\"800x201\"><img class=\"wp-image-1137 aligncenter\" src=\"https:\/\/www.simeuble.fr\/blog\/wp-content\/uploads\/2016\/11\/Foire-Dijon.png\" alt=\"Foire de Dijon\" width=\"665\" height=\"167\" \/><\/a><\/p><p>La <strong>foire de Dijon<\/strong> est un <strong>rendez vous majeur en bourgogne<\/strong> donnant lieu \u00e0 de nombreuses festivit\u00e9s, c\u2019est une occasion unique de d\u00e9couverte selon les go\u00fbts, les priorit\u00e9s de chacun, petits et grands...<\/p><p>Le succ\u00e8s de la foire de Dijon est ancr\u00e9 sur de solides fondations. La gastronomie en est le fil conducteur au travers des <strong>riches et diverses traditions Fran\u00e7aises<\/strong> ou internationales...<\/p><p>C\u2019est aussi l\u2019opportunit\u00e9 de d\u00e9couvrir les tendances actuelles du mobilier o\u00f9 les recettes des exposants peuvent varier... de nombreuses collections sont mises en avant. C\u2019est <strong>une belle vitrine<\/strong> pour les personnes qui envisagent d\u2019am\u00e9liorer le <strong>confort, l\u2019am\u00e9nagement, l\u2019esth\u00e9tisme<\/strong> dans leur habitat.<\/p><p>Pour trouver satisfaction il est utile de se rappeler que <strong>tout achat est important<\/strong> et se doit d\u2019\u00eatre bien men\u00e9.<\/p><h2>Quelques questions\u00a0simples avant d'acheter.<\/h2><p>Elles permettent de s\u2019assurer que votre futur mobilier saura vous satisfaire aujourd\u2019hui et demain.<\/p><ol><li>Le <strong>conseil juste<\/strong> et <strong>adapt\u00e9 <\/strong>bas\u00e9 sur une <strong>vraie \u00e9coute de VOS attentes<\/strong> en prenant <strong>le temps de l\u2019\u00e9change.<br \/><\/strong>La relation avec le vendeur r\u00e9pond-elle au besoin de conseil que vous souhaitez avoir dans le temps, pour vos futurs projets ?<\/li><li>Un meuble vous pla\u00eet ... comment va t il s\u2019agencer dans votre int\u00e9rieur ?<\/li><li>Quel est <strong>VOTRE objectif prioritaire<\/strong> motivant votre futur achat ?<\/li><li>Le budget que vous souhaitez y consacrer est il bien estim\u00e9 ? Le prix que vous \u00eates pr\u00eat \u00e0 payer est il en rapport avec <strong>la qualit\u00e9 du mobilier pr\u00e9sent\u00e9<\/strong>, <strong>le service propos\u00e9, les garanties ?<br \/><\/strong><\/li><\/ol><h2>Pas de d\u00e9lai de r\u00e9tractation en foire et salon. Le saviez-vous ?<\/h2><p>IMPORTANT ! Beaucoup de consommateurs croient, \u00e0 tort, qu'ils b\u00e9n\u00e9ficient d'un d\u00e9lai de r\u00e9tractation pour les <em>achats<\/em> effectu\u00e9s sur les <em>foires<\/em> et salons.<\/p><p><b>La loi relative \u00e0 la consommation du 17 mars 2014 oblige le vendeur professionnel, en foire ou salon, ou sur toute manifestation commerciale, par exemple en parc d\u2019exposition, \u00e0 informer clairement le consommateur qu\u2019il ne dispose pas d\u2019un droit de r\u00e9tractation\u00a0: <\/b>cette information doit lui \u00eatre donn\u00e9e avant la conclusion du contrat, de fa\u00e7on visible et lisible.<\/p><p>Alors assurez-vous d'\u00eatre bien inform\u00e9. Des revues comme <strong>50 millions de consommateurs<\/strong>, ou des associations comme <a href=\"http:\/\/www.ufcquechoisir71.fr\/foires-et-salons.html\"><strong>UFC Que Choisir<\/strong> <\/a>invitent a juste titre \u00e0 la prudence.\u00a0<a href=\"https:\/\/www.service-public.fr\/professionnels-entreprises\/actualites\/007164\">Pour vous convaincre, lisez cet article du Service Public\u00a0<\/a>.<\/p><p>\u00a0<\/p><h2>Le savoir faire Simeuble<\/h2><p><strong>L\u2019\u00e9quipe SIMEUBLE<\/strong> fait le choix exclusif de <strong>l\u2019accueil convivial<\/strong>\u00a0et\u00a0<strong>chaleureux <\/strong>\u00a0dans notre <strong>magasin atypique<\/strong> de Pierre de Bresse pour faire Votre choix dans un environnement que nous avons souhait\u00e9 le plus ad\u00e9quat possible : lumi\u00e8re, mise en sc\u00e8ne, essai complet des mobiliers permettent de faire le<strong>\u00a0bon choix<\/strong>.<\/p><p>Vous rencontrer pour un <strong>vrai moment d\u2019\u00e9coute<\/strong> est essentiel pour vous satisfaire, c\u2019est <strong>la recette SIMEUBLE<\/strong>.<br \/><strong>Depuis 50 ans<\/strong> , \u00e0 Pierre de Bresse (71), <strong>SIMEUBLE vous accompagne<\/strong> dans vos projets ( 55 min de Dijon, 30 min de Dole, 35 min de Chalon sur Sa\u00f4ne). Nous vous souhaitons une excellente foire de Dijon, et soyez raisonnables \u00e0 la d\u00e9gustation des crus Bourguignons...<br \/>La s\u00e9curit\u00e9 routi\u00e8re est elle aussi fondamentale\u00a0!<\/p><p>\u00a0<\/p><p>[gallery link=\"file\" size=\"medium\" ids=\"1127,1129,1128\"]<\/p><p>\u00a0<\/p>","_et_gb_content_width":"","footnotes":""},"categories":[9],"tags":[],"dipi_cpt_category":[],"class_list":["post-1126","post","type-post","status-publish","format-standard","has-post-thumbnail","hentry","category-conseils-deco"],"_links":{"self":[{"href":"https:\/\/www.simeuble.fr\/blog\/wp-json\/wp\/v2\/posts\/1126","targetHints":{"allow":["GET"]}}],"collection":[{"href":"https:\/\/www.simeuble.fr\/blog\/wp-json\/wp\/v2\/posts"}],"about":[{"href":"https:\/\/www.simeuble.fr\/blog\/wp-json\/wp\/v2\/types\/post"}],"author":[{"embeddable":true,"href":"https:\/\/www.simeuble.fr\/blog\/wp-json\/wp\/v2\/users\/11"}],"replies":[{"embeddable":true,"href":"https:\/\/www.simeuble.fr\/blog\/wp-json\/wp\/v2\/comments?post=1126"}],"version-history":[{"count":14,"href":"https:\/\/www.simeuble.fr\/blog\/wp-json\/wp\/v2\/posts\/1126\/revisions"}],"predecessor-version":[{"id":6452,"href":"https:\/\/www.simeuble.fr\/blog\/wp-json\/wp\/v2\/posts\/1126\/revisions\/6452"}],"wp:featuredmedia":[{"embeddable":true,"href":"https:\/\/www.simeuble.fr\/blog\/wp-json\/wp\/v2\/media\/1141"}],"wp:attachment":[{"href":"https:\/\/www.simeuble.fr\/blog\/wp-json\/wp\/v2\/media?parent=1126"}],"wp:term":[{"taxonomy":"category","embeddable":true,"href":"https:\/\/www.simeuble.fr\/blog\/wp-json\/wp\/v2\/categories?post=1126"},{"taxonomy":"post_tag","embeddable":true,"href":"https:\/\/www.simeuble.fr\/blog\/wp-json\/wp\/v2\/tags?post=1126"},{"taxonomy":"dipi_cpt_category","embeddable":true,"href":"https:\/\/www.simeuble.fr\/blog\/wp-json\/wp\/v2\/dipi_cpt_category?post=1126"}],"curies":[{"name":"wp","href":"https:\/\/api.w.org\/{rel}","templated":true}]}}