{"id":1262,"date":"2018-05-03T13:02:16","date_gmt":"2018-05-03T12:02:16","guid":{"rendered":"https:\/\/www.simeuble.fr\/blog\/?p=1262"},"modified":"2025-05-07T15:10:41","modified_gmt":"2025-05-07T14:10:41","slug":"comment-choisir-sa-table-basse-de-salon","status":"publish","type":"post","link":"https:\/\/www.simeuble.fr\/blog\/comment-choisir-sa-table-basse-de-salon\/","title":{"rendered":"Comment choisir sa table basse de salon ?"},"content":{"rendered":"<p>[et_pb_section fb_built=\u00a0\u00bb1&Prime; _builder_version=\u00a0\u00bb4.16&Prime; global_colors_info=\u00a0\u00bb{}\u00a0\u00bb theme_builder_area=\u00a0\u00bbpost_content\u00a0\u00bb][et_pb_row _builder_version=\u00a0\u00bb4.16&Prime; background_size=\u00a0\u00bbinitial\u00a0\u00bb background_position=\u00a0\u00bbtop_left\u00a0\u00bb background_repeat=\u00a0\u00bbrepeat\u00a0\u00bb global_colors_info=\u00a0\u00bb{}\u00a0\u00bb theme_builder_area=\u00a0\u00bbpost_content\u00a0\u00bb][et_pb_column type=\u00a0\u00bb4_4&Prime; _builder_version=\u00a0\u00bb4.16&Prime; custom_padding=\u00a0\u00bb|||\u00a0\u00bb global_colors_info=\u00a0\u00bb{}\u00a0\u00bb custom_padding__hover=\u00a0\u00bb|||\u00a0\u00bb theme_builder_area=\u00a0\u00bbpost_content\u00a0\u00bb][et_pb_text _builder_version=\u00a0\u00bb4.27.4&Prime; background_size=\u00a0\u00bbinitial\u00a0\u00bb background_position=\u00a0\u00bbtop_left\u00a0\u00bb background_repeat=\u00a0\u00bbrepeat\u00a0\u00bb global_colors_info=\u00a0\u00bb{}\u00a0\u00bb theme_builder_area=\u00a0\u00bbpost_content\u00a0\u00bb]<\/p>\n<p>Plac\u00e9e au centre du salon, la <strong>table basse<\/strong> est au c\u0153ur de toutes les attentions. Elle permet de r\u00e9unir famille et amis autour d\u2019un moment de partage, de d\u00e9poser des revues et des livres, de jouer et de manger. Fonctionnelle et pourquoi pas relevable ou pivotante, elle doit aussi \u00eatre esth\u00e9tique et r\u00e9sistante ! Ronde, ovale ou carr\u00e9e, en verre, en acier, en ch\u00eane et c\u00e9ramique inrayable ou dans une autre essence de bois, la table basse structure la pi\u00e8ce et donne du caract\u00e8re \u00e0 cet espace de vie.<\/p>\n<p>&nbsp;<\/p>\n<h2><\/h2>\n<h2><strong>Quelle forme choisir pour une table basse\u00a0? <\/strong><\/h2>\n<p>Les adep<a class=\"single_photoswipe\" href=\"https:\/\/www.simeuble.fr\/blog\/wp-content\/uploads\/2018\/05\/table-basse-gigognes.jpeg\" data-size=\"534x377\" data-rel=\"lightbox-image-0\" data-rl_title=\"\" data-rl_caption=\"\" title=\"\"><img decoding=\"async\" class=\"alignleft wp-image-1279 \" src=\"https:\/\/www.simeuble.fr\/blog\/wp-content\/uploads\/2018\/05\/table-basse-gigognes-300x212.jpeg\" alt=\"table basse gigognes\" width=\"468\" height=\"330\" srcset=\"https:\/\/www.simeuble.fr\/blog\/wp-content\/uploads\/2018\/05\/table-basse-gigognes-300x212.jpeg 300w, https:\/\/www.simeuble.fr\/blog\/wp-content\/uploads\/2018\/05\/table-basse-gigognes-320x226.jpeg 320w, https:\/\/www.simeuble.fr\/blog\/wp-content\/uploads\/2018\/05\/table-basse-gigognes.jpeg 534w\" sizes=\"(max-width: 468px) 100vw, 468px\" \/><\/a>tes du minimaliste ne jurent que par les lignes g\u00e9om\u00e9triques et \u00e9pur\u00e9es, les d\u00e9fenseurs shabby chic aiment les formes rondes et romantiques, tandis que les amateurs de d\u00e9co scandinaves recherchent les formes simples et le bois naturel. Et vous, quel est votre style de pr\u00e9dilection\u00a0? Si vous souhaitez cr\u00e9er une ambiance conviviale, optez pour une table basse ronde. Entour\u00e9e d\u2019un canap\u00e9 confortable et de quelques fauteuils relax ou cabriolets, elle sera parfaite pour r\u00e9unir vos amis. Pour les espaces r\u00e9duits, pensez aux <a href=\"https:\/\/www.simeuble.fr\/magasin-Table-basse\/Table-basse-double-en-pin-plateau-bois-massif\/12081.html\">tables rondes gigognes<\/a> id\u00e9ales pour moduler l\u2019espace\u00a0!<\/p>\n<p>&nbsp;<\/p>\n<p>&nbsp;<\/p>\n<p>&nbsp;<\/p>\n<p>&nbsp;<\/p>\n<p>Classique et ind\u00e9modable, la table basse rectangulaire existe sous diff\u00e9rentes versions\u00a0: avec des pi\u00e8tements travaill\u00e9s esprit baroque, une structure en m\u00e9tal, laqu\u00e9e contemporaine ou dans un style plus brut industriel, ou des pieds compas pour un look vintage. Tr\u00e8s pratique pour ranger des revues lorsqu\u2019elle est dot\u00e9e d\u2019un deuxi\u00e8me plateau, elle devient chic avec un tapis berb\u00e8re sous ses pieds\u00a0! Et comme la mode est au mobilier \u00e9volutif et modulaire, on aime les <a href=\"https:\/\/www.simeuble.fr\/magasin-Table-basse\/Table-basse-en-chene-massif-plateau-relevable\/12607.html\">mod\u00e8les dot\u00e9s de plateaux relevables<\/a>. Votre table devient alors pratique et l\u2019outil id\u00e9al pour poser votre ordinateur portable ou votre tablette, afin de travailler ou de se d\u00e9lasser devant un beau documentaire sur la nature et les bois nobles \u2026 ou devant une s\u00e9rie t\u00e9l\u00e9 positive et joyeuse.<\/p>\n<p>[\/et_pb_text][et_pb_gallery gallery_ids=\u00a0\u00bb1285,1281,1282&Prime; show_title_and_caption=\u00a0\u00bboff\u00a0\u00bb show_pagination=\u00a0\u00bboff\u00a0\u00bb _builder_version=\u00a0\u00bb4.27.4&Prime; _module_preset=\u00a0\u00bbdefault\u00a0\u00bb global_colors_info=\u00a0\u00bb{}\u00a0\u00bb theme_builder_area=\u00a0\u00bbpost_content\u00a0\u00bb][\/et_pb_gallery][et_pb_text _builder_version=\u00a0\u00bb4.27.4&Prime; background_size=\u00a0\u00bbinitial\u00a0\u00bb background_position=\u00a0\u00bbtop_left\u00a0\u00bb background_repeat=\u00a0\u00bbrepeat\u00a0\u00bb global_colors_info=\u00a0\u00bb{}\u00a0\u00bb theme_builder_area=\u00a0\u00bbpost_content\u00a0\u00bb]<\/p>\n<h2><strong>Quelle mati\u00e8re choisir pour une table basse\u00a0? <\/strong><\/h2>\n<p>L\u2019\u00e9quipe Simeuble, est l\u00e0 pour vous conseiller en fonction de la superficie et de la d\u00e9coration de votre salon\u00a0: \u00a0optez pour une mati\u00e8re brute, transparente, mate, vieillie ou brillante. \u00a0Le ch\u00eane massif reste LE bois de r\u00e9f\u00e9rence. Toutefois le h\u00eatre, le teck, l\u2019aulne trouvent leur place dans les collections actuelles. Notre collection comprend aussi des tables en altugass ou en plexi. \u00a0Dans tous les cas, choisissez toujours un plateau fonctionnel adapt\u00e9 \u00e0 votre usage et n\u00e9cessitant peu d\u2019entretien. \u00a0Vous pouvez aussi demander et avoir avec pr\u00e9cision l\u2019origine de fabrication, c\u2019est une information importante pour \u00eatre s\u00fbr de r\u00e9aliser un achat durable et satisfaisant. Nous proposons des tables fabriqu\u00e9es en France pour porter haut et fort les couleurs fran\u00e7aises, et aussi en Europe\u00a0 Cette information est not\u00e9e sur les \u00e9tiquettes des articles concern\u00e9s dans notre magasin.<\/p>\n<p>[\/et_pb_text][et_pb_gallery gallery_ids=\u00a0\u00bb1283,1276,1280&Prime; posts_number=\u00a0\u00bb3&Prime; show_title_and_caption=\u00a0\u00bboff\u00a0\u00bb show_pagination=\u00a0\u00bboff\u00a0\u00bb _builder_version=\u00a0\u00bb4.27.4&Prime; _module_preset=\u00a0\u00bbdefault\u00a0\u00bb global_colors_info=\u00a0\u00bb{}\u00a0\u00bb theme_builder_area=\u00a0\u00bbpost_content\u00a0\u00bb][\/et_pb_gallery][et_pb_text _builder_version=\u00a0\u00bb4.27.4&Prime; background_size=\u00a0\u00bbinitial\u00a0\u00bb background_position=\u00a0\u00bbtop_left\u00a0\u00bb background_repeat=\u00a0\u00bbrepeat\u00a0\u00bb global_colors_info=\u00a0\u00bb{}\u00a0\u00bb theme_builder_area=\u00a0\u00bbpost_content\u00a0\u00bb]<\/p>\n<p>Cosy et chaleureuse, la table basse en bois reste une valeur s\u00fbre ! Elle convient aussi bien aux int\u00e9rieurs contemporains qu\u2019aux univers scandinave et ethnique. Si vous avez d\u2019autres meubles en bois, prenez garde \u00e0 ne pas m\u00e9langer trop d\u2019essences diff\u00e9rentes. Chez Simeuble, nous r\u00e9alisons des recherches pour trouver la teinte la plus proche au reste de votre mobilier. Nous pouvons m\u00eame la faire r\u00e9aliser en teinte sur mesure ou dans certains cas, r\u00e9aliser aussi votre table \u00e0 vos dimensions sur mesure ! et oui c\u2019est possible et c\u2019est bien appr\u00e9ciable de ne pas avoir que des r\u00e9f\u00e9rences \u00ab codes-barres \u00bb standardis\u00e9es. Nous sommes sensibles aux formes et dimensions sp\u00e9ciales et sommes heureux de r\u00e9pondre \u00e0 vos diverses demandes. Nous fabriquons des tables pour des bars, h\u00f4tels ou restaurants ayant des exigences bien sp\u00e9cifiques en termes de charte graphique.<\/p>\n<p>&nbsp;<\/p>\n<p><img decoding=\"async\" src=\"https:\/\/www.simeuble.fr\/blog\/wp-content\/uploads\/2018\/05\/table-basse-verre-porte-revues.jpeg\" width=\"534\" height=\"377\" alt=\"table basse en verre avec porte revues\" class=\"wp-image-1284 alignright size-full\" srcset=\"https:\/\/www.simeuble.fr\/blog\/wp-content\/uploads\/2018\/05\/table-basse-verre-porte-revues.jpeg 534w, https:\/\/www.simeuble.fr\/blog\/wp-content\/uploads\/2018\/05\/table-basse-verre-porte-revues-300x212.jpeg 300w, https:\/\/www.simeuble.fr\/blog\/wp-content\/uploads\/2018\/05\/table-basse-verre-porte-revues-320x226.jpeg 320w\" sizes=\"(max-width: 534px) 100vw, 534px\" \/>Tout aussi r\u00e9sistante que les mod\u00e8les en bois, <a href=\"https:\/\/www.simeuble.fr\/magasin-Table-basse\/3-tables-basses-en-verre-originales\/12378.html\">les tables basses en verre<\/a> donnent imm\u00e9diatement une impression de l\u00e9g\u00e8ret\u00e9. Le choix de coloris de verre est quasiment infini, avec un suppl\u00e9ment tarifaire pour certaines options bien s\u00fbr. La palette de coloris est tr\u00e8s large et cela nous tient \u00e0 c\u0153ur de trouver la teinte qui se mariera \u00e0 merveille dans votre int\u00e9rieur. Un exemple de coordonn\u00e9 \u00e0 r\u00e9aliser entre votre table en verre et votre papier peint peut \u00eatre tr\u00e8s subtil. Id\u00e9ales pour les salons de petites dimensions, elles s\u2019harmonisent aussi bien avec un canap\u00e9 en velours, qu\u2019avec un fauteuil en rotin.<\/p>\n<p>&nbsp;<\/p>\n<p>&nbsp;<\/p>\n<p>&nbsp;<\/p>\n<p>&nbsp;<\/p>\n<p>&nbsp;<\/p>\n<p><a href=\"https:\/\/www.simeuble.fr\/contact-simeuble.php\">Nous sommes l\u00e0 pour vous conseiller et r\u00e9pondre \u00e0 vos questions. N&rsquo;h\u00e9sitez pas \u00e0 faire appel \u00e0 l&rsquo;une ou l&rsquo;un de nos conseillers<\/a><br \/>vendeurs tout d\u00e9vou\u00e9 \u00e0 vous aider \u00e0 trouver ou personnaliser le meuble de vos r\u00eaves !<\/p>\n<p><a href=\"https:\/\/www.simeuble.fr\/contact-simeuble.php\" data-size=\"661x217\"><img decoding=\"async\" class=\"alignnone wp-image-1287 size-full\" title=\"Team SIMEUBLE\" src=\"https:\/\/www.simeuble.fr\/blog\/wp-content\/uploads\/2018\/05\/team-Simeuble.png\" alt=\"La team Simeuble \" width=\"661\" height=\"217\" \/><\/a><\/p>\n<p>&nbsp;<\/p>\n<p>[\/et_pb_text][\/et_pb_column][\/et_pb_row][\/et_pb_section]<\/p>\n","protected":false},"excerpt":{"rendered":"<p>TEST EXTRAIT Plac\u00e9e au centre du salon, la table basse est au c\u0153ur de toutes les attentions. Elle permet de r\u00e9unir famille et amis autour d\u2019un moment de partage, de d\u00e9poser des revues et des livres, de jouer et de manger. Fonctionnelle et pourquoi pas relevable ou pivotante, elle doit aussi \u00eatre esth\u00e9tique et r\u00e9sistante ! Ronde, ovale ou carr\u00e9e, en verre, en acier, en ch\u00eane et c\u00e9ramique inrayable ou dans une autre essence de bois, la table basse structure la pi\u00e8ce et donne du caract\u00e8re \u00e0 cet espace de vie.<\/p>\n","protected":false},"author":11,"featured_media":1278,"comment_status":"open","ping_status":"open","sticky":false,"template":"","format":"standard","meta":{"_et_pb_use_builder":"on","_et_pb_old_content":"<p>Plac\u00e9e au centre du salon, la <strong>table basse<\/strong> est au c\u0153ur de toutes les attentions. Elle permet de r\u00e9unir famille et amis autour d\u2019un moment de partage, de d\u00e9poser des revues et des livres, de jouer et de manger. Fonctionnelle et pourquoi pas relevable ou pivotante, elle doit aussi \u00eatre esth\u00e9tique et r\u00e9sistante ! Ronde, ovale ou carr\u00e9e, en verre, en acier, en ch\u00eane et c\u00e9ramique inrayable ou dans une autre essence de bois, la table basse structure la pi\u00e8ce et donne du caract\u00e8re \u00e0 cet espace de vie.<\/p><p><!--more--><a class=\"single_photoswipe\" href=\"https:\/\/www.simeuble.fr\/blog\/wp-content\/uploads\/2018\/05\/table-basse-chene-style-scandinave.jpeg\" data-size=\"534x377\"><img class=\"aligncenter wp-image-1278 size-full\" src=\"https:\/\/www.simeuble.fr\/blog\/wp-content\/uploads\/2018\/05\/table-basse-chene-style-scandinave.jpeg\" alt=\"table basse en ch\u00eane dns un style scandinave\" width=\"534\" height=\"377\" \/><\/a><\/p><h2>\u00a0<\/h2><h2><strong>Quelle forme choisir pour une table basse\u00a0? <\/strong><\/h2><p>Les adep<a class=\"single_photoswipe\" href=\"https:\/\/www.simeuble.fr\/blog\/wp-content\/uploads\/2018\/05\/table-basse-gigognes.jpeg\" data-size=\"534x377\"><img class=\"alignleft wp-image-1279 \" src=\"https:\/\/www.simeuble.fr\/blog\/wp-content\/uploads\/2018\/05\/table-basse-gigognes-300x212.jpeg\" alt=\"table basse gigognes\" width=\"468\" height=\"330\" \/><\/a>tes du minimaliste ne jurent que par les lignes g\u00e9om\u00e9triques et \u00e9pur\u00e9es, les d\u00e9fenseurs shabby chic aiment les formes rondes et romantiques, tandis que les amateurs de d\u00e9co scandinaves recherchent les formes simples et le bois naturel. Et vous, quel est votre style de pr\u00e9dilection\u00a0? Si vous souhaitez cr\u00e9er une ambiance conviviale, optez pour une table basse ronde. Entour\u00e9e d\u2019un canap\u00e9 confortable et de quelques fauteuils relax ou cabriolets, elle sera parfaite pour r\u00e9unir vos amis. Pour les espaces r\u00e9duits, pensez aux <a href=\"https:\/\/www.simeuble.fr\/magasin-Table-basse\/Table-basse-double-en-pin-plateau-bois-massif\/12081.html\">tables rondes gigognes<\/a> id\u00e9ales pour moduler l\u2019espace\u00a0!<\/p><p>\u00a0<\/p><p>\u00a0<\/p><p>\u00a0<\/p><p>\u00a0<\/p><p>\u00a0<\/p><p>\u00a0<\/p><p>Classique et ind\u00e9modable, la table basse rectangulaire existe sous diff\u00e9rentes versions\u00a0: avec des pi\u00e8tements travaill\u00e9s esprit baroque, une structure en m\u00e9tal, laqu\u00e9e contemporaine ou dans un style plus brut industriel, ou des pieds compas pour un look vintage. Tr\u00e8s pratique pour ranger des revues lorsqu\u2019elle est dot\u00e9e d\u2019un deuxi\u00e8me plateau, elle devient chic avec un tapis berb\u00e8re sous ses pieds\u00a0! Et comme la mode est au mobilier \u00e9volutif et modulaire, on aime les <a href=\"https:\/\/www.simeuble.fr\/magasin-Table-basse\/Table-basse-en-chene-massif-plateau-relevable\/12607.html\">mod\u00e8les dot\u00e9s de plateaux relevables<\/a>. Votre table devient alors pratique et l\u2019outil id\u00e9al pour poser votre ordinateur portable ou votre tablette, afin de travailler ou de se d\u00e9lasser devant un beau documentaire sur la nature et les bois nobles \u2026 ou devant une s\u00e9rie t\u00e9l\u00e9 positive et joyeuse.<\/p><p>[gallery size=\"medium\" ids=\"1285,1281,1282\"]<\/p><h2><strong>Quelle mati\u00e8re choisir pour une table basse\u00a0? <\/strong><\/h2><p>\u00a0<\/p><p>L\u2019\u00e9quipe Simeuble, est l\u00e0 pour vous conseiller en fonction de la superficie et de la d\u00e9coration de votre salon\u00a0: \u00a0optez pour une mati\u00e8re brute, transparente, mate, vieillie ou brillante. \u00a0Le ch\u00eane massif reste LE bois de r\u00e9f\u00e9rence. Toutefois le h\u00eatre, le teck, l\u2019aulne trouvent leur place dans les collections actuelles. Notre collection comprend aussi des tables en altugass ou en plexi. \u00a0Dans tous les cas, choisissez toujours un plateau fonctionnel adapt\u00e9 \u00e0 votre usage et n\u00e9cessitant peu d\u2019entretien. \u00a0Vous pouvez aussi demander et avoir avec pr\u00e9cision l\u2019origine de fabrication, c\u2019est une information importante pour \u00eatre s\u00fbr de r\u00e9aliser un achat durable et satisfaisant. Nous proposons des tables fabriqu\u00e9es en France pour porter haut et fort les couleurs fran\u00e7aises, et aussi en Europe\u00a0 Cette information est not\u00e9e sur les \u00e9tiquettes des articles concern\u00e9s dans notre magasin.<\/p><p>\u00a0<\/p><p>[gallery size=\"medium\" ids=\"1283,1276,1280\"]<\/p><p>Cosy et chaleureuse, la table basse en bois reste une valeur s\u00fbre\u00a0! Elle convient aussi bien aux int\u00e9rieurs contemporains qu\u2019aux univers scandinave et ethnique. Si vous avez d\u2019autres meubles en bois, prenez garde \u00e0 ne pas m\u00e9langer trop d\u2019essences diff\u00e9rentes. Chez Simeuble, nous r\u00e9alisons des recherches pour trouver la teinte la plus proche au reste de votre mobilier. Nous pouvons m\u00eame la faire r\u00e9aliser en teinte sur mesure ou dans certains cas, r\u00e9aliser aussi votre table \u00e0 vos dimensions sur mesure\u00a0! et oui c\u2019est possible et c\u2019est bien appr\u00e9ciable de ne pas avoir que des r\u00e9f\u00e9rences \u00ab\u00a0codes-barres\u00a0\u00bb standardis\u00e9es. Nous sommes sensibles aux formes et dimensions sp\u00e9ciales et sommes heureux de r\u00e9pondre \u00e0 vos diverses demandes. Nous fabriquons des tables pour des bars, h\u00f4tels ou restaurants ayant des exigences bien sp\u00e9cifiques en termes de charte graphique.<\/p><p>\u00a0<\/p><p><a class=\"single_photoswipe\" href=\"https:\/\/www.simeuble.fr\/blog\/wp-content\/uploads\/2018\/05\/table-basse-verre-porte-revues.jpeg\" data-size=\"534x377\"><img class=\" wp-image-1284 alignright\" src=\"https:\/\/www.simeuble.fr\/blog\/wp-content\/uploads\/2018\/05\/table-basse-verre-porte-revues-300x212.jpeg\" alt=\"table basse en verre avec porte revues\" width=\"373\" height=\"264\" \/><\/a>Tout aussi r\u00e9sistante que les mod\u00e8les en bois, <a href=\"https:\/\/www.simeuble.fr\/magasin-Table-basse\/3-tables-basses-en-verre-originales\/12378.html\">les tables basses en verre<\/a> donnent imm\u00e9diatement une impression de l\u00e9g\u00e8ret\u00e9. Le choix de coloris de verre est quasiment infini, avec un suppl\u00e9ment tarifaire pour certaines options bien s\u00fbr. La palette de coloris est tr\u00e8s large et cela nous tient \u00e0 c\u0153ur de trouver la teinte qui se mariera \u00e0 merveille dans votre int\u00e9rieur. Un exemple de coordonn\u00e9 \u00e0 r\u00e9aliser entre votre table en verre et votre papier peint peut \u00eatre tr\u00e8s subtil. Id\u00e9ales pour les salons de petites dimensions, elles s\u2019harmonisent aussi bien avec un canap\u00e9 en velours, qu\u2019avec un fauteuil en rotin.<\/p><p>\u00a0<\/p><p>\u00a0<\/p><p>\u00a0<\/p><p>\u00a0<\/p><p>\u00a0<\/p><p>\u00a0<\/p><p><a href=\"https:\/\/www.simeuble.fr\/contact-simeuble.php\">Nous sommes l\u00e0 pour vous conseiller et r\u00e9pondre \u00e0 vos questions. N'h\u00e9sitez pas \u00e0 faire appel \u00e0 l'une ou l'un de nos conseillers<\/a><br \/>vendeurs tout d\u00e9vou\u00e9 \u00e0 vous aider \u00e0 trouver ou personnaliser le meuble de vos r\u00eaves !<\/p><p><a href=\"https:\/\/www.simeuble.fr\/contact-simeuble.php\" data-size=\"661x217\"><img class=\"alignnone wp-image-1287 size-full\" title=\"Team SIMEUBLE\" src=\"https:\/\/www.simeuble.fr\/blog\/wp-content\/uploads\/2018\/05\/team-Simeuble.png\" alt=\"La team Simeuble \" width=\"661\" height=\"217\" \/><\/a><\/p><p>\u00a0<\/p><p>\u00a0<\/p><p>\u00a0<\/p><p>\u00a0<\/p><p>\u00a0<\/p><p>\u00a0<\/p>","_et_gb_content_width":"","footnotes":""},"categories":[9],"tags":[158],"dipi_cpt_category":[],"class_list":["post-1262","post","type-post","status-publish","format-standard","has-post-thumbnail","hentry","category-conseils-deco","tag-table-basse"],"_links":{"self":[{"href":"https:\/\/www.simeuble.fr\/blog\/wp-json\/wp\/v2\/posts\/1262","targetHints":{"allow":["GET"]}}],"collection":[{"href":"https:\/\/www.simeuble.fr\/blog\/wp-json\/wp\/v2\/posts"}],"about":[{"href":"https:\/\/www.simeuble.fr\/blog\/wp-json\/wp\/v2\/types\/post"}],"author":[{"embeddable":true,"href":"https:\/\/www.simeuble.fr\/blog\/wp-json\/wp\/v2\/users\/11"}],"replies":[{"embeddable":true,"href":"https:\/\/www.simeuble.fr\/blog\/wp-json\/wp\/v2\/comments?post=1262"}],"version-history":[{"count":23,"href":"https:\/\/www.simeuble.fr\/blog\/wp-json\/wp\/v2\/posts\/1262\/revisions"}],"predecessor-version":[{"id":6324,"href":"https:\/\/www.simeuble.fr\/blog\/wp-json\/wp\/v2\/posts\/1262\/revisions\/6324"}],"wp:featuredmedia":[{"embeddable":true,"href":"https:\/\/www.simeuble.fr\/blog\/wp-json\/wp\/v2\/media\/1278"}],"wp:attachment":[{"href":"https:\/\/www.simeuble.fr\/blog\/wp-json\/wp\/v2\/media?parent=1262"}],"wp:term":[{"taxonomy":"category","embeddable":true,"href":"https:\/\/www.simeuble.fr\/blog\/wp-json\/wp\/v2\/categories?post=1262"},{"taxonomy":"post_tag","embeddable":true,"href":"https:\/\/www.simeuble.fr\/blog\/wp-json\/wp\/v2\/tags?post=1262"},{"taxonomy":"dipi_cpt_category","embeddable":true,"href":"https:\/\/www.simeuble.fr\/blog\/wp-json\/wp\/v2\/dipi_cpt_category?post=1262"}],"curies":[{"name":"wp","href":"https:\/\/api.w.org\/{rel}","templated":true}]}}