{"id":1305,"date":"2018-07-12T11:52:34","date_gmt":"2018-07-12T10:52:34","guid":{"rendered":"https:\/\/www.simeuble.fr\/blog\/?p=1305"},"modified":"2025-05-07T14:12:08","modified_gmt":"2025-05-07T13:12:08","slug":"objets-deco-interieur","status":"publish","type":"post","link":"https:\/\/www.simeuble.fr\/blog\/objets-deco-interieur\/","title":{"rendered":"Objets d\u00e9co : Comment donner de la personnalit\u00e9 \u00e0 votre int\u00e9rieur ?"},"content":{"rendered":"<p>[et_pb_section fb_built=\u00a0\u00bb1&Prime; _builder_version=\u00a0\u00bb4.16&Prime; global_colors_info=\u00a0\u00bb{}\u00a0\u00bb theme_builder_area=\u00a0\u00bbpost_content\u00a0\u00bb][et_pb_row _builder_version=\u00a0\u00bb4.16&Prime; background_size=\u00a0\u00bbinitial\u00a0\u00bb background_position=\u00a0\u00bbtop_left\u00a0\u00bb background_repeat=\u00a0\u00bbrepeat\u00a0\u00bb global_colors_info=\u00a0\u00bb{}\u00a0\u00bb theme_builder_area=\u00a0\u00bbpost_content\u00a0\u00bb][et_pb_column type=\u00a0\u00bb4_4&Prime; _builder_version=\u00a0\u00bb4.16&Prime; custom_padding=\u00a0\u00bb|||\u00a0\u00bb global_colors_info=\u00a0\u00bb{}\u00a0\u00bb custom_padding__hover=\u00a0\u00bb|||\u00a0\u00bb theme_builder_area=\u00a0\u00bbpost_content\u00a0\u00bb][et_pb_text _builder_version=\u00a0\u00bb4.27.4&Prime; background_size=\u00a0\u00bbinitial\u00a0\u00bb background_position=\u00a0\u00bbtop_left\u00a0\u00bb background_repeat=\u00a0\u00bbrepeat\u00a0\u00bb global_colors_info=\u00a0\u00bb{}\u00a0\u00bb theme_builder_area=\u00a0\u00bbpost_content\u00a0\u00bb]<\/p>\n<p>Vous avez envie de changement\u00a0? Envie d\u2019une d\u00e9coration raffin\u00e9e et tendance qui vous ressemble\u00a0? Il suffit parfois de quelques objets d\u00e9co plac\u00e9s au bon endroit pour donner du cachet \u00e0 son salon, son s\u00e9jour, son hall d\u2019entr\u00e9e ou \u00e0 sa chambre \u00e0 coucher. Afin de personnaliser votre int\u00e9rieur avec go\u00fbt et subtilit\u00e9, suivez les conseils avis\u00e9s de Simeuble\u00a0!<!--more--><a href=\"https:\/\/www.simeuble.fr\/blog\/wp-content\/uploads\/2018\/09\/miroir-deco-e1536750664249.jpg\" data-rel=\"lightbox-image-0\" data-rl_title=\"\" data-rl_caption=\"\" title=\"\"><\/a><\/p>\n<h2><strong>Des objets d\u00e9co qui favorisent une ambiance chaleureuse<\/strong><\/h2>\n<p><strong>\u00a0<\/strong>Notre vaste showroom est une source d&rsquo;inspiration, il offre des exemples de r\u00e9alisations grandeur nature aux ambiances agr\u00e9ables et diverses. C\u2019est notre m\u00e9tier que de vous conseiller en agencement, il semble donc \u00e9vident et tout naturel de montrer l\u2019exemple, en cr\u00e9ant des harmonies dans chaque recoin de notre magasin (agencements appr\u00e9ci\u00e9s par <a href=\"https:\/\/www.simeuble.fr\/avis-simeuble.php\">nos clients qui l\u2019expriment dans les avis video<\/a>).\u00a0\u00a0Il faut ensuite s\u2019adapter \u00e0 votre domicile et \u00e0 vos attentes, et cela demande des vraies qualit\u00e9s d\u2019\u00e9coute et de compr\u00e9hension. Dans notre entreprise familiale, l\u2019\u00e9quipe est form\u00e9e pas \u00e0 pas pour d\u00e9velopper ces qualit\u00e9s.<\/p>\n<h3>De la personnalit\u00e9 pour votre int\u00e9rieur &#8230;<\/h3>\n<p>Si vous voulez suivre la tendance des murs blancs, celle des lignes \u00e9pur\u00e9es et des meubles sans fioriture, nous trouvons pour vous les quelques ingr\u00e9dients qui viendront illuminer cet ensemble. \u00a0Un objet atypique peut suffire \u00e0 faire la diff\u00e9rence\u00a0: chez Simeuble on adore vous proposer ce que vous ne voyez pas ailleurs et dans les magasins classiques. Mais cet engouement pour le minimalisme n\u2019exclut pas quelques touches de couleurs. Au contraire, c\u2019est m\u00eame gr\u00e2ce aux objets de d\u00e9coration que l\u2019on donne de la personnalit\u00e9 \u00e0 son int\u00e9rieur. \u00a0Dans de nombreux cas vous pouvez \u00ab\u00a0changer\u00a0\u00bb les coloris de vos articles, c\u2019est assez rare de trouver cela dans les magasins de meuble actuels.<\/p>\n<p>Nous avons m\u00eame nos propres cr\u00e9ations, o\u00f9 l\u2019imagination et les couleurs n\u2019ont pas de limites. Nous cr\u00e9ons des tableaux assortis \u00e0 vos passions par exemple\u00a0: un tableau moto avec votre nom et les coloris de votre \u00ab\u00a0machine\u00a0\u00bb. Si vous aimez la chasse, nous r\u00e9alisons un tableau contemporain avec les \u00e9l\u00e9ments de votre choix, ou votre animal pr\u00e9f\u00e9r\u00e9.<\/p>\n<p>&nbsp;<\/p>\n<h2><strong>Mettre en valeur l\u2019espace, les formes et les mati\u00e8res avec la lumi\u00e8re.<\/strong><\/h2>\n<p>Les experts le savent\u00a0: 50% de la r\u00e9ussite d\u2019une pi\u00e8ce tient dans son \u00e9clairage naturel et artificiel. Chez Simeuble, l\u2019\u00e9clairage indirecte est sur le podium de la r\u00e9ussite en lumi\u00e8re.<\/p>\n<p>Pour un style r\u00e9solument contemporain, choisissez des luminaires design\u00a0! On aime les <a href=\"https:\/\/www.simeuble.fr\/magasin-Deco\/Votre-lampe-petit-ou-moyen-modele\/4131.html\">lampes \u00e0 poser en plexiglass<\/a> qui modernisent les espaces de vie\u00a0: rouges, bordeaux ou vert pomme, elles cr\u00e9ent une ambiance chaleureuse. Pr\u00e8s d\u2019un canap\u00e9 ou d\u2019un fauteuil, le <a href=\"https:\/\/www.simeuble.fr\/magasin-Deco\/Lampe-sur-pied-moderne-noir\/10695.html\">lampadaire sur pied<\/a> est id\u00e9al pour animer le coin lecture. \u00a0De nombreux mod\u00e8les de lampadaire sont propos\u00e9s avec des hauteurs variables pour s\u2019adapter \u00e0 votre hauteur de canap\u00e9.<\/p>\n<p>&nbsp;<\/p>\n<p>[\/et_pb_text][\/et_pb_column][\/et_pb_row][et_pb_row column_structure=\u00a0\u00bb1_2,1_2&Prime; _builder_version=\u00a0\u00bb4.27.4&Prime; _module_preset=\u00a0\u00bbdefault\u00a0\u00bb global_colors_info=\u00a0\u00bb{}\u00a0\u00bb theme_builder_area=\u00a0\u00bbpost_content\u00a0\u00bb][et_pb_column type=\u00a0\u00bb1_2&Prime; _builder_version=\u00a0\u00bb4.27.4&Prime; _module_preset=\u00a0\u00bbdefault\u00a0\u00bb global_colors_info=\u00a0\u00bb{}\u00a0\u00bb theme_builder_area=\u00a0\u00bbpost_content\u00a0\u00bb][et_pb_image src=\u00a0\u00bbhttps:\/\/www.simeuble.fr\/blog\/wp-content\/uploads\/2018\/09\/lampe-a-poser-plexiglas.jpg\u00a0\u00bb alt=\u00a0\u00bbS\u00e9riesde lampes \u00e0 poser en plexiglas. Nombreuses couleurs\u00a0\u00bb title_text=\u00a0\u00bblampe-a-poser-plexiglas\u00a0\u00bb _builder_version=\u00a0\u00bb4.27.4&Prime; _module_preset=\u00a0\u00bbdefault\u00a0\u00bb global_colors_info=\u00a0\u00bb{}\u00a0\u00bb theme_builder_area=\u00a0\u00bbpost_content\u00a0\u00bb][\/et_pb_image][\/et_pb_column][et_pb_column type=\u00a0\u00bb1_2&Prime; _builder_version=\u00a0\u00bb4.27.4&Prime; _module_preset=\u00a0\u00bbdefault\u00a0\u00bb global_colors_info=\u00a0\u00bb{}\u00a0\u00bb theme_builder_area=\u00a0\u00bbpost_content\u00a0\u00bb][et_pb_image src=\u00a0\u00bbhttps:\/\/www.simeuble.fr\/blog\/wp-content\/uploads\/2018\/09\/lamape-sur-pied-moderne.jpg\u00a0\u00bb alt=\u00a0\u00bbBelle lampe sur pied moderne\u00a0\u00bb title_text=\u00a0\u00bblamape-sur-pied-moderne\u00a0\u00bb _builder_version=\u00a0\u00bb4.27.4&Prime; _module_preset=\u00a0\u00bbdefault\u00a0\u00bb global_colors_info=\u00a0\u00bb{}\u00a0\u00bb theme_builder_area=\u00a0\u00bbpost_content\u00a0\u00bb][\/et_pb_image][\/et_pb_column][\/et_pb_row][et_pb_row column_structure=\u00a0\u00bb1_2,1_2&Prime; _builder_version=\u00a0\u00bb4.27.4&Prime; _module_preset=\u00a0\u00bbdefault\u00a0\u00bb global_colors_info=\u00a0\u00bb{}\u00a0\u00bb theme_builder_area=\u00a0\u00bbpost_content\u00a0\u00bb][et_pb_column type=\u00a0\u00bb1_2&Prime; _builder_version=\u00a0\u00bb4.27.4&Prime; _module_preset=\u00a0\u00bbdefault\u00a0\u00bb global_colors_info=\u00a0\u00bb{}\u00a0\u00bb theme_builder_area=\u00a0\u00bbpost_content\u00a0\u00bb][et_pb_image src=\u00a0\u00bbhttps:\/\/www.simeuble.fr\/blog\/wp-content\/uploads\/2018\/09\/grand-lampadaire-orne.jpeg\u00a0\u00bb alt=\u00a0\u00bbGrand lampadaire orn\u00e9\u00a0\u00bb title_text=\u00a0\u00bbgrand-lampadaire-orne\u00a0\u00bb _builder_version=\u00a0\u00bb4.27.4&Prime; _module_preset=\u00a0\u00bbdefault\u00a0\u00bb global_colors_info=\u00a0\u00bb{}\u00a0\u00bb theme_builder_area=\u00a0\u00bbpost_content\u00a0\u00bb][\/et_pb_image][\/et_pb_column][et_pb_column type=\u00a0\u00bb1_2&Prime; _builder_version=\u00a0\u00bb4.27.4&Prime; _module_preset=\u00a0\u00bbdefault\u00a0\u00bb global_colors_info=\u00a0\u00bb{}\u00a0\u00bb theme_builder_area=\u00a0\u00bbpost_content\u00a0\u00bb][et_pb_image src=\u00a0\u00bbhttps:\/\/www.simeuble.fr\/blog\/wp-content\/uploads\/2018\/09\/Suspension-conique-moderne-couleurs-vives.jpeg\u00a0\u00bb alt=\u00a0\u00bbSuspension conique moderne aux couleurs vives\u00a0\u00bb title_text=\u00a0\u00bbSuspension-conique-moderne-couleurs-vives\u00a0\u00bb _builder_version=\u00a0\u00bb4.27.4&Prime; _module_preset=\u00a0\u00bbdefault\u00a0\u00bb global_colors_info=\u00a0\u00bb{}\u00a0\u00bb theme_builder_area=\u00a0\u00bbpost_content\u00a0\u00bb][\/et_pb_image][\/et_pb_column][\/et_pb_row][et_pb_row _builder_version=\u00a0\u00bb4.16&Prime; background_size=\u00a0\u00bbinitial\u00a0\u00bb background_position=\u00a0\u00bbtop_left\u00a0\u00bb background_repeat=\u00a0\u00bbrepeat\u00a0\u00bb global_colors_info=\u00a0\u00bb{}\u00a0\u00bb theme_builder_area=\u00a0\u00bbpost_content\u00a0\u00bb][et_pb_column type=\u00a0\u00bb4_4&Prime; _builder_version=\u00a0\u00bb4.16&Prime; custom_padding=\u00a0\u00bb|||\u00a0\u00bb global_colors_info=\u00a0\u00bb{}\u00a0\u00bb custom_padding__hover=\u00a0\u00bb|||\u00a0\u00bb theme_builder_area=\u00a0\u00bbpost_content\u00a0\u00bb][et_pb_text _builder_version=\u00a0\u00bb4.27.4&Prime; background_size=\u00a0\u00bbinitial\u00a0\u00bb background_position=\u00a0\u00bbtop_left\u00a0\u00bb background_repeat=\u00a0\u00bbrepeat\u00a0\u00bb global_colors_info=\u00a0\u00bb{}\u00a0\u00bb theme_builder_area=\u00a0\u00bbpost_content\u00a0\u00bb]<\/p>\n<p>Le coloris de la lampe doit contraster avec le mur et le meuble sur lequel il est pos\u00e9. C\u2019est donc important d\u2019\u00e9tudier dans l\u2019ensemble, cette \u00ab \u00e9quipe \u00bb, lampe, mur, meuble, sol.\u00a0 Le type d\u2019ampoule a aussi un grand r\u00f4le \u00e0 jouer. Entre lumi\u00e8re chaude ou froide, pour mettre en valeur votre pi\u00e8ce, il faut choisir . Nous intervenons pour vous aider d\u00e8s la conception de votre maison, au moment o\u00f9 vous la concevez ou la construisez. C\u2019est une p\u00e9riode cruciale o\u00f9 il y a de nombreuses choses \u00e0 penser.<br \/>Notre \u00e9quipe Conseil est l\u00e0 pour vous aider \u00e0 soigner ces d\u00e9tails, le spot dans les plafonds n\u2019est pas toujours la solution id\u00e9ale, m\u00eame s&rsquo;il s&rsquo;av\u00e8re \u00a0souvent la solution la plus \u00e9conomique.\u00a0 Un \u00e9clairage int\u00e9gr\u00e9 dans un mur juste derri\u00e8re un fauteuil, peut mettre en valeur une belle commode color\u00e9e en bois massif&#8230;<\/p>\n<p>&nbsp;<\/p>\n<h2><strong>Agrandir l\u2019espace avec des objets d\u00e9co design <\/strong><\/h2>\n<p>Vous voulez gagner quelques m\u00e8tres carr\u00e9s mais vous ne pouvez pas pousser les murs\u00a0? Jouez alors, avec la profondeur de champ en disposant, aux endroits strat\u00e9giques, un miroir contemporain.<\/p>\n<h3>Dans votre salon,<\/h3>\n<p><img decoding=\"async\" class=\"alignleft size-thumbnail wp-image-1329\" src=\"https:\/\/www.simeuble.fr\/blog\/wp-content\/uploads\/2018\/09\/miroir-contemporain-cadre-chen-150x150.jpg\" alt=\"Miroir contemporain cadre en ch\u00eane\" width=\"150\" height=\"150\" \/>Placez ce\u00a0<a href=\"https:\/\/www.simeuble.fr\/magasin-Deco\/Miroir-contemporain-cadre-en-chene\/11104.html\">miroir moderne avec son cadre en ch\u00eane<\/a> au-dessus d\u2019un meuble bas. Certains miroirs peuvent se mettre c\u00f4te \u00e0 c\u00f4te, pour donner un effet magique \u00e0 votre mur, une sorte de bande de miroir mural qui vous \u00e9tonnera. \u00a0Actuellement, chez Simeuble, des mod\u00e8les de miroirs en forme de verre \u00e0 vins sont propos\u00e9s, ils agr\u00e9menteront \u00e0 merveille un espace bar, ou le salon pour l\u2019ap\u00e9ritif \u2026<br \/>Une forme particuli\u00e8re vous int\u00e9resse ? Simeuble r\u00e9alise \u00e0 la demande la forme de verre que vous souhaitez. Exemples d\u00e9j\u00e0 r\u00e9alis\u00e9s : buste de femme ou d\u2019homme, forme g\u00e9om\u00e9trique sp\u00e9cifique, etc.<\/p>\n<p>Les cadres sont aussi r\u00e9alisables sur mesure, des cadres r\u00e9alis\u00e9s avec un motif \u00ab\u00a0plume\u00a0\u00bb \u00a0r\u00e9p\u00e9t\u00e9 \u00e0 l&rsquo;envie tout autour de votre miroir (ou de votre tableau) ont d\u00e9j\u00e0 \u00e9t\u00e9 produits. Vous pouvez choisir le coloris et m\u00eame dupliquer la couleur sur votre lustre\u00a0! Oui, vous lisez bien ! Pourquoi ne pas assortir votre lustre \u00e0 votre tableau ? Du jamais vu ? Nous savons faire et le mieux c&rsquo;est de projeter le r\u00e9sultat potentiel, en nous envoyant vos photos et\u00a0<a href=\"https:\/\/www.simeuble.fr\/contact-simeuble.php\">nous pr\u00e9ciser votre demande ici<\/a>.<\/p>\n<h3>Dans votre chambre \u00e0 coucher,<\/h3>\n<p><img decoding=\"async\" class=\"alignright size-medium wp-image-1328\" src=\"https:\/\/www.simeuble.fr\/blog\/wp-content\/uploads\/2018\/09\/miroir-psyche-300x212.jpg\" alt=\"Miroir fa\u00e7on psych\u00e9\" width=\"300\" height=\"212\" srcset=\"https:\/\/www.simeuble.fr\/blog\/wp-content\/uploads\/2018\/09\/miroir-psyche-300x212.jpg 300w, https:\/\/www.simeuble.fr\/blog\/wp-content\/uploads\/2018\/09\/miroir-psyche-320x226.jpg 320w, https:\/\/www.simeuble.fr\/blog\/wp-content\/uploads\/2018\/09\/miroir-psyche.jpg 534w\" sizes=\"(max-width: 300px) 100vw, 300px\" \/>Disposez contre le mur un <a href=\"https:\/\/www.simeuble.fr\/magasin-Deco\/Psyche-rectangulaire-en-pin-massif\/11999.html\">miroir fa\u00e7on psych\u00e9<\/a> afin d\u2019agrandir l\u2019espace. Il sera aussi tr\u00e8s utile pour vous habiller le matin. De m\u00eame fa\u00e7on nous pouvons faire une moulure assortie \u00e0 votre tableau qui agr\u00e9mente le dessus de votre lit. La personnalisation avec vos pr\u00e9noms est tout \u00e0 fait possible et donne une touche personnelle inimitable.\u00a0 Il est \u00e9vident que des lampes de chevets sont possibles \u00e0 r\u00e9aliser dans le m\u00eame esprit et avec les m\u00eames coloris car elles seront r\u00e9alis\u00e9es par la m\u00eame artiste, en France\u00a0: c\u2019est une belle exclusivit\u00e9 Simeuble.<\/p>\n<p>Vous pouvez \u00e9galement habiller votre entr\u00e9e avec un miroir rond tendance, de format de votre choix. Si vous avez besoin de donner l\u2019impression d\u2019avoir plus d\u2019espace dans votre entr\u00e9e, un grand miroir pos\u00e9 au sol pourra jouer ce r\u00f4le et augmenter l\u2019apport de lumi\u00e8re naturelle.<\/p>\n<p><strong> <a class=\"single_photoswipe\" data-size=\"620x438\" href=\"https:\/\/www.simeuble.fr\/blog\/wp-content\/uploads\/2018\/09\/Miroir-baroque-laque.jpg\" data-rel=\"lightbox-image-1\" data-rl_title=\"\" data-rl_caption=\"\" title=\"\"><img decoding=\"async\" src=\"https:\/\/www.simeuble.fr\/blog\/wp-content\/uploads\/2018\/09\/Miroir-baroque-laque.jpg\" width=\"620\" height=\"438\" alt=\"\" class=\"wp-image-1330 alignnone size-full\" style=\"display: block; margin-left: auto; margin-right: auto;\" srcset=\"https:\/\/www.simeuble.fr\/blog\/wp-content\/uploads\/2018\/09\/Miroir-baroque-laque.jpg 620w, https:\/\/www.simeuble.fr\/blog\/wp-content\/uploads\/2018\/09\/Miroir-baroque-laque-300x212.jpg 300w, https:\/\/www.simeuble.fr\/blog\/wp-content\/uploads\/2018\/09\/Miroir-baroque-laque-320x226.jpg 320w\" sizes=\"(max-width: 620px) 100vw, 620px\" \/><\/a><\/strong><\/p>\n<h2><strong>Un salon contemporain avec des objets d\u00e9co originaux<\/strong><\/h2>\n<p>Vous aimez le style industriel, les objets chin\u00e9s et la d\u00e9coration vintage\u00a0? Optez pour des objets d\u00e9co en b\u00e9ton ou en m\u00e9tal. Si vous pr\u00e9f\u00e9rez les ambiances baroques, choisissez des formes avec des arabesques, des mati\u00e8res dor\u00e9es ou chrom\u00e9es. Et si vous souhaitez apporter un esprit loft \u00e0 votre salon, choisissez un <a href=\"https:\/\/www.simeuble.fr\/magasin-Deco\/Pouf-original-chocolat-en-pvc\/10762.html\">pouf original color\u00e9\u00a0<\/a>! Chocolat, beige ou bleu \u00e9lectrique pour ceux qui osent la couleur, il dynamise l\u2019espace salon suivant vos activit\u00e9s au fil de la journ\u00e9e.<\/p>\n<p>Si vous cherchez un accessoire parfait pour bouquiner, pour se relaxer, pour passer un moment entre amis et en famille\u00a0\u2026 nous vous proposons des fauteuils originaux et atypiques qui donnent de l\u2019esprit \u00e0 tout un espace !<\/p>\n<p>[\/et_pb_text][\/et_pb_column][\/et_pb_row][et_pb_row column_structure=\u00a0\u00bb1_2,1_2&Prime; _builder_version=\u00a0\u00bb4.27.4&Prime; _module_preset=\u00a0\u00bbdefault\u00a0\u00bb global_colors_info=\u00a0\u00bb{}\u00a0\u00bb theme_builder_area=\u00a0\u00bbpost_content\u00a0\u00bb][et_pb_column type=\u00a0\u00bb1_2&Prime; _builder_version=\u00a0\u00bb4.27.4&Prime; _module_preset=\u00a0\u00bbdefault\u00a0\u00bb global_colors_info=\u00a0\u00bb{}\u00a0\u00bb theme_builder_area=\u00a0\u00bbpost_content\u00a0\u00bb][et_pb_image src=\u00a0\u00bbhttps:\/\/www.simeuble.fr\/blog\/wp-content\/uploads\/2018\/09\/pouf-basket.jpg\u00a0\u00bb alt=\u00a0\u00bbPouf original basket g\u00e9ante contemporain\u00a0\u00bb title_text=\u00a0\u00bbpouf-basket\u00a0\u00bb _builder_version=\u00a0\u00bb4.27.4&Prime; _module_preset=\u00a0\u00bbdefault\u00a0\u00bb global_colors_info=\u00a0\u00bb{}\u00a0\u00bb theme_builder_area=\u00a0\u00bbpost_content\u00a0\u00bb][\/et_pb_image][\/et_pb_column][et_pb_column type=\u00a0\u00bb1_2&Prime; _builder_version=\u00a0\u00bb4.27.4&Prime; _module_preset=\u00a0\u00bbdefault\u00a0\u00bb global_colors_info=\u00a0\u00bb{}\u00a0\u00bb theme_builder_area=\u00a0\u00bbpost_content\u00a0\u00bb][et_pb_image src=\u00a0\u00bbhttps:\/\/www.simeuble.fr\/blog\/wp-content\/uploads\/2018\/09\/pouf-original-imprime-london.jpg\u00a0\u00bb alt=\u00a0\u00bbPouf original imprim\u00e9 UK London\u00a0\u00bb title_text=\u00a0\u00bbpouf-original-imprime-london\u00a0\u00bb _builder_version=\u00a0\u00bb4.27.4&Prime; _module_preset=\u00a0\u00bbdefault\u00a0\u00bb global_colors_info=\u00a0\u00bb{}\u00a0\u00bb theme_builder_area=\u00a0\u00bbpost_content\u00a0\u00bb][\/et_pb_image][\/et_pb_column][\/et_pb_row][\/et_pb_section]<\/p>\n","protected":false},"excerpt":{"rendered":"<p>Vous avez envie de changement\u00a0? Envie d\u2019une d\u00e9coration raffin\u00e9e et tendance qui vous ressemble\u00a0? Il suffit parfois de quelques objets d\u00e9co plac\u00e9s au bon endroit pour donner du cachet \u00e0 son salon, son s\u00e9jour, son hall d\u2019entr\u00e9e ou \u00e0 sa chambre \u00e0 coucher. Afin de personnaliser votre int\u00e9rieur avec go\u00fbt et subtilit\u00e9, suivez les conseils [&hellip;]<\/p>\n","protected":false},"author":11,"featured_media":1331,"comment_status":"open","ping_status":"open","sticky":false,"template":"","format":"standard","meta":{"_et_pb_use_builder":"on","_et_pb_old_content":"<p>Vous avez envie de changement\u00a0? Envie d\u2019une d\u00e9coration raffin\u00e9e et tendance qui vous ressemble\u00a0? Il suffit parfois de quelques objets d\u00e9co plac\u00e9s au bon endroit pour donner du cachet \u00e0 son salon, son s\u00e9jour, son hall d\u2019entr\u00e9e ou \u00e0 sa chambre \u00e0 coucher. Afin de personnaliser votre int\u00e9rieur avec go\u00fbt et subtilit\u00e9, suivez les conseils avis\u00e9s de Simeuble\u00a0!<!--more--><\/p><p><a href=\"https:\/\/www.simeuble.fr\/blog\/wp-content\/uploads\/2018\/09\/miroir-deco-e1536750664249.jpg\"><img class=\"aligncenter size-full wp-image-1310\" src=\"https:\/\/www.simeuble.fr\/blog\/wp-content\/uploads\/2018\/09\/miroir-deco-e1536750664249.jpg\" alt=\"Superbe miroir au style baroque pour votre salon\" width=\"534\" height=\"377\" \/><\/a><\/p><p>\u00a0<\/p><h2><strong>Des objets d\u00e9co qui favorisent une ambiance chaleureuse<\/strong><\/h2><p><strong>\u00a0<\/strong>Notre vaste showroom est une source d'inspiration, il offre des exemples de r\u00e9alisations grandeur nature aux ambiances agr\u00e9ables et diverses. C\u2019est notre m\u00e9tier que de vous conseiller en agencement, il semble donc \u00e9vident et tout naturel de montrer l\u2019exemple, en cr\u00e9ant des harmonies dans chaque recoin de notre magasin (agencements appr\u00e9ci\u00e9s par <a href=\"https:\/\/www.simeuble.fr\/avis-simeuble.php\">nos clients qui l\u2019expriment dans les avis video<\/a>).\u00a0\u00a0Il faut ensuite s\u2019adapter \u00e0 votre domicile et \u00e0 vos attentes, et cela demande des vraies qualit\u00e9s d\u2019\u00e9coute et de compr\u00e9hension. Dans notre entreprise familiale, l\u2019\u00e9quipe est form\u00e9e pas \u00e0 pas pour d\u00e9velopper ces qualit\u00e9s.<\/p><h3>De la personnalit\u00e9 pour votre int\u00e9rieur ...<\/h3><p>Si vous voulez suivre la tendance des murs blancs, celle des lignes \u00e9pur\u00e9es et des meubles sans fioriture, nous trouvons pour vous les quelques ingr\u00e9dients qui viendront illuminer cet ensemble. \u00a0Un objet atypique peut suffire \u00e0 faire la diff\u00e9rence\u00a0: chez Simeuble on adore vous proposer ce que vous ne voyez pas ailleurs et dans les magasins classiques. Mais cet engouement pour le minimalisme n\u2019exclut pas quelques touches de couleurs. Au contraire, c\u2019est m\u00eame gr\u00e2ce aux objets de d\u00e9coration que l\u2019on donne de la personnalit\u00e9 \u00e0 son int\u00e9rieur. \u00a0Dans de nombreux cas vous pouvez \u00ab\u00a0changer\u00a0\u00bb les coloris de vos articles, c\u2019est assez rare de trouver cela dans les magasins de meuble actuels.<\/p><p>Nous avons m\u00eame nos propres cr\u00e9ations, o\u00f9 l\u2019imagination et les couleurs n\u2019ont pas de limites. Nous cr\u00e9ons des tableaux assortis \u00e0 vos passions par exemple\u00a0: un tableau moto avec votre nom et les coloris de votre \u00ab\u00a0machine\u00a0\u00bb. Si vous aimez la chasse, nous r\u00e9alisons un tableau contemporain avec les \u00e9l\u00e9ments de votre choix, ou votre animal pr\u00e9f\u00e9r\u00e9.<\/p><p>\u00a0<\/p><h2><strong>Mettre en valeur l\u2019espace, les formes et les mati\u00e8res avec la lumi\u00e8re.<\/strong><\/h2><p>Les experts le savent\u00a0: 50% de la r\u00e9ussite d\u2019une pi\u00e8ce tient dans son \u00e9clairage naturel et artificiel. Chez Simeuble, l\u2019\u00e9clairage indirecte est sur le podium de la r\u00e9ussite en lumi\u00e8re.<\/p><p>Pour un style r\u00e9solument contemporain, choisissez des luminaires design\u00a0! On aime les <a href=\"https:\/\/www.simeuble.fr\/magasin-Deco\/Votre-lampe-petit-ou-moyen-modele\/4131.html\">lampes \u00e0 poser en plexiglass<\/a> qui modernisent les espaces de vie\u00a0: rouges, bordeaux ou vert pomme, elles cr\u00e9ent une ambiance chaleureuse. Pr\u00e8s d\u2019un canap\u00e9 ou d\u2019un fauteuil, le <a href=\"https:\/\/www.simeuble.fr\/magasin-Deco\/Lampe-sur-pied-moderne-noir\/10695.html\">lampadaire sur pied<\/a> est id\u00e9al pour animer le coin lecture. \u00a0De nombreux mod\u00e8les de lampadaire sont propos\u00e9s avec des hauteurs variables pour s\u2019adapter \u00e0 votre hauteur de canap\u00e9.<\/p><p>[gallery columns=\"2\" size=\"medium\" ids=\"1316,1315\"]<\/p><p>\u00a0<\/p><p>[gallery columns=\"2\" size=\"medium\" ids=\"1314,1313\"]<\/p><p>Le coloris de la lampe doit contraster avec le mur et le meuble sur lequel il est pos\u00e9. C\u2019est donc important d\u2019\u00e9tudier dans l\u2019ensemble, cette \u00ab\u00a0\u00e9quipe\u00a0\u00bb, lampe, mur, meuble, sol.\u00a0 Le type d\u2019ampoule a aussi un grand r\u00f4le \u00e0 jouer. Entre lumi\u00e8re chaude ou froide, pour mettre en valeur votre pi\u00e8ce, il faut choisir . Nous intervenons pour vous aider d\u00e8s la conception de votre maison, au moment o\u00f9 vous la concevez ou la construisez. C\u2019est une p\u00e9riode cruciale o\u00f9 il y a de nombreuses choses \u00e0 penser.<br \/>Notre \u00e9quipe Conseil est l\u00e0 pour vous aider \u00e0 soigner ces d\u00e9tails, le spot dans les plafonds n\u2019est pas toujours la solution id\u00e9ale, m\u00eame s'il s'av\u00e8re \u00a0souvent la solution la plus \u00e9conomique.\u00a0 Un \u00e9clairage int\u00e9gr\u00e9 dans un mur juste derri\u00e8re un fauteuil, peut mettre en valeur une belle commode color\u00e9e en bois massif...<\/p><p>\u00a0<\/p><h2><strong>Agrandir l\u2019espace avec des objets d\u00e9co design <\/strong><\/h2><p>Vous voulez gagner quelques m\u00e8tres carr\u00e9s mais vous ne pouvez pas pousser les murs\u00a0? Jouez alors, avec la profondeur de champ en disposant, aux endroits strat\u00e9giques, un miroir contemporain.<\/p><h3>Dans votre salon,<\/h3><p><a class=\"single_photoswipe\" href=\"https:\/\/www.simeuble.fr\/blog\/wp-content\/uploads\/2018\/09\/miroir-contemporain-cadre-chen.jpg\" data-size=\"534x377\"><img class=\"alignleft size-thumbnail wp-image-1329\" src=\"https:\/\/www.simeuble.fr\/blog\/wp-content\/uploads\/2018\/09\/miroir-contemporain-cadre-chen-150x150.jpg\" alt=\"Miroir contemporain cadre en ch\u00eane\" width=\"150\" height=\"150\" \/><\/a>Placez ce\u00a0<a href=\"https:\/\/www.simeuble.fr\/magasin-Deco\/Miroir-contemporain-cadre-en-chene\/11104.html\">miroir moderne avec son cadre en ch\u00eane<\/a> au-dessus d\u2019un meuble bas. Certains miroirs peuvent se mettre c\u00f4te \u00e0 c\u00f4te, pour donner un effet magique \u00e0 votre mur, une sorte de bande de miroir mural qui vous \u00e9tonnera. \u00a0Actuellement, chez Simeuble, des mod\u00e8les de miroirs en forme de verre \u00e0 vins sont propos\u00e9s, ils agr\u00e9menteront \u00e0 merveille un espace bar, ou le salon pour l\u2019ap\u00e9ritif \u2026<br \/>Une forme particuli\u00e8re vous int\u00e9resse ? Simeuble r\u00e9alise \u00e0 la demande la forme de verre que vous souhaitez. Exemples d\u00e9j\u00e0 r\u00e9alis\u00e9s : buste de femme ou d\u2019homme, forme g\u00e9om\u00e9trique sp\u00e9cifique, etc.<\/p><p>Les cadres sont aussi r\u00e9alisables sur mesure, des cadres r\u00e9alis\u00e9s avec un motif \u00ab\u00a0plume\u00a0\u00bb \u00a0r\u00e9p\u00e9t\u00e9 \u00e0 l'envie tout autour de votre miroir (ou de votre tableau) ont d\u00e9j\u00e0 \u00e9t\u00e9 produits. Vous pouvez choisir le coloris et m\u00eame dupliquer la couleur sur votre lustre\u00a0! Oui, vous lisez bien ! Pourquoi ne pas assortir votre lustre \u00e0 votre tableau ? Du jamais vu ? Nous savons faire et le mieux c'est de projeter le r\u00e9sultat potentiel, en nous envoyant vos photos et\u00a0<a href=\"https:\/\/www.simeuble.fr\/contact-simeuble.php\">nous pr\u00e9ciser votre demande ici<\/a>.<\/p><h3>Dans votre chambre \u00e0 coucher,<\/h3><p><a class=\"single_photoswipe\" href=\"https:\/\/www.simeuble.fr\/blog\/wp-content\/uploads\/2018\/09\/miroir-psyche.jpg\" data-size=\"534x377\"><img class=\"alignright size-medium wp-image-1328\" src=\"https:\/\/www.simeuble.fr\/blog\/wp-content\/uploads\/2018\/09\/miroir-psyche-300x212.jpg\" alt=\"Miroir fa\u00e7on psych\u00e9\" width=\"300\" height=\"212\" \/><\/a>Disposez contre le mur un <a href=\"https:\/\/www.simeuble.fr\/magasin-Deco\/Psyche-rectangulaire-en-pin-massif\/11999.html\">miroir fa\u00e7on psych\u00e9<\/a> afin d\u2019agrandir l\u2019espace. Il sera aussi tr\u00e8s utile pour vous habiller le matin. De m\u00eame fa\u00e7on nous pouvons faire une moulure assortie \u00e0 votre tableau qui agr\u00e9mente le dessus de votre lit. La personnalisation avec vos pr\u00e9noms est tout \u00e0 fait possible et donne une touche personnelle inimitable.\u00a0 Il est \u00e9vident que des lampes de chevets sont possibles \u00e0 r\u00e9aliser dans le m\u00eame esprit et avec les m\u00eames coloris car elles seront r\u00e9alis\u00e9es par la m\u00eame artiste, en France\u00a0: c\u2019est une belle exclusivit\u00e9 Simeuble.<\/p><p>Vous pouvez \u00e9galement habiller votre entr\u00e9e avec un miroir rond tendance, de format de votre choix. Si vous avez besoin de donner l\u2019impression d\u2019avoir plus d\u2019espace dans votre entr\u00e9e, un grand miroir pos\u00e9 au sol pourra jouer ce r\u00f4le et augmenter l\u2019apport de lumi\u00e8re naturelle.<\/p><p><strong>\u00a0<a class=\"single_photoswipe\" href=\"https:\/\/www.simeuble.fr\/blog\/wp-content\/uploads\/2018\/09\/Miroir-baroque-laque.jpg\" data-size=\"620x438\"><img class=\"aligncenter wp-image-1330 size-full\" src=\"https:\/\/www.simeuble.fr\/blog\/wp-content\/uploads\/2018\/09\/Miroir-baroque-laque.jpg\" alt=\"Miroir baroque laqu\u00e9 au dessus d'une console \" width=\"620\" height=\"438\" \/><\/a> <\/strong><\/p><h2><strong>Un salon contemporain avec des objets d\u00e9co originaux<\/strong><\/h2><p>Vous aimez le style industriel, les objets chin\u00e9s et la d\u00e9coration vintage\u00a0? Optez pour des objets d\u00e9co en b\u00e9ton ou en m\u00e9tal. Si vous pr\u00e9f\u00e9rez les ambiances baroques, choisissez des formes avec des arabesques, des mati\u00e8res dor\u00e9es ou chrom\u00e9es. Et si vous souhaitez apporter un esprit loft \u00e0 votre salon, choisissez un <a href=\"https:\/\/www.simeuble.fr\/magasin-Deco\/Pouf-original-chocolat-en-pvc\/10762.html\">pouf original color\u00e9\u00a0<\/a>! Chocolat, beige ou bleu \u00e9lectrique pour ceux qui osent la couleur, il dynamise l\u2019espace salon suivant vos activit\u00e9s au fil de la journ\u00e9e.<\/p><p>Si vous cherchez un accessoire parfait pour bouquiner, pour se relaxer, pour passer un moment entre amis et en famille\u00a0\u2026 nous vous proposons des fauteuils originaux et atypiques qui donnent de l\u2019esprit \u00e0 tout un espace !<\/p><p><a class=\"single_photoswipe\" href=\"https:\/\/www.simeuble.fr\/blog\/wp-content\/uploads\/2018\/09\/pouf-original-imprime-london.jpg\" data-size=\"620x438\"><img class=\"alignright size-medium wp-image-1335\" src=\"https:\/\/www.simeuble.fr\/blog\/wp-content\/uploads\/2018\/09\/pouf-original-imprime-london-300x212.jpg\" alt=\"Pouf original imprim\u00e9 UK London \" width=\"300\" height=\"212\" \/><\/a> <a class=\"single_photoswipe\" href=\"https:\/\/www.simeuble.fr\/blog\/wp-content\/uploads\/2018\/09\/pouf-basket.jpg\" data-size=\"620x438\"><img class=\"aligncenter size-medium wp-image-1336\" src=\"https:\/\/www.simeuble.fr\/blog\/wp-content\/uploads\/2018\/09\/pouf-basket-300x212.jpg\" alt=\"Pouf original basket g\u00e9ante contemporain \" width=\"300\" height=\"212\" \/><\/a><\/p><p>\u00a0<\/p><p>\u00a0<\/p><p>\u00a0<\/p>","_et_gb_content_width":"","footnotes":""},"categories":[9],"tags":[],"dipi_cpt_category":[],"class_list":["post-1305","post","type-post","status-publish","format-standard","has-post-thumbnail","hentry","category-conseils-deco"],"_links":{"self":[{"href":"https:\/\/www.simeuble.fr\/blog\/wp-json\/wp\/v2\/posts\/1305","targetHints":{"allow":["GET"]}}],"collection":[{"href":"https:\/\/www.simeuble.fr\/blog\/wp-json\/wp\/v2\/posts"}],"about":[{"href":"https:\/\/www.simeuble.fr\/blog\/wp-json\/wp\/v2\/types\/post"}],"author":[{"embeddable":true,"href":"https:\/\/www.simeuble.fr\/blog\/wp-json\/wp\/v2\/users\/11"}],"replies":[{"embeddable":true,"href":"https:\/\/www.simeuble.fr\/blog\/wp-json\/wp\/v2\/comments?post=1305"}],"version-history":[{"count":31,"href":"https:\/\/www.simeuble.fr\/blog\/wp-json\/wp\/v2\/posts\/1305\/revisions"}],"predecessor-version":[{"id":6312,"href":"https:\/\/www.simeuble.fr\/blog\/wp-json\/wp\/v2\/posts\/1305\/revisions\/6312"}],"wp:featuredmedia":[{"embeddable":true,"href":"https:\/\/www.simeuble.fr\/blog\/wp-json\/wp\/v2\/media\/1331"}],"wp:attachment":[{"href":"https:\/\/www.simeuble.fr\/blog\/wp-json\/wp\/v2\/media?parent=1305"}],"wp:term":[{"taxonomy":"category","embeddable":true,"href":"https:\/\/www.simeuble.fr\/blog\/wp-json\/wp\/v2\/categories?post=1305"},{"taxonomy":"post_tag","embeddable":true,"href":"https:\/\/www.simeuble.fr\/blog\/wp-json\/wp\/v2\/tags?post=1305"},{"taxonomy":"dipi_cpt_category","embeddable":true,"href":"https:\/\/www.simeuble.fr\/blog\/wp-json\/wp\/v2\/dipi_cpt_category?post=1305"}],"curies":[{"name":"wp","href":"https:\/\/api.w.org\/{rel}","templated":true}]}}