{"id":6924,"date":"2026-03-05T15:35:59","date_gmt":"2026-03-05T14:35:59","guid":{"rendered":"https:\/\/www.simeuble.fr\/blog\/?p=6924"},"modified":"2026-04-05T15:39:17","modified_gmt":"2026-04-05T14:39:17","slug":"canape-fauteuil-surmesure-personnnalisation-tissu","status":"publish","type":"post","link":"https:\/\/www.simeuble.fr\/blog\/canape-fauteuil-surmesure-personnnalisation-tissu\/","title":{"rendered":"\ud83d\udecb\ufe0f Canap\u00e9 et fauteuil sur mesure : la personnalisation tissu red\u00e9finit votre d\u00e9coration int\u00e9rieure"},"content":{"rendered":"<h2><strong>\ud83d\udecb\ufe0f<\/strong><strong> Canap\u00e9 et fauteuil sur mesure : la personnalisation tissu red\u00e9finit votre d\u00e9coration int\u00e9rieure<br \/>\n<\/strong><\/h2>\n<p>Vous \u00eates \u00e0 la recherche du meuble parfait, celui qui ne ressemble \u00e0 aucun autre et qui raconte <strong>votre<\/strong> histoire ? Chez Simeuble, nous allons bien au-del\u00e0 du simple choix de mod\u00e8les. Nous vous offrons le pouvoir de cr\u00e9er un mobilier qui est le reflet exact de votre style, de vos passions et de votre rythme de vie.<\/p>\n<p>Oubliez les contraintes des collections standard : ici, la <strong>personnalisation de <a href=\"https:\/\/www.simeuble.fr\/magasin-canape\/\">votre canap\u00e9<\/a><\/strong>, <a href=\"https:\/\/www.simeuble.fr\/magasin-canape-d-angle\/\"><strong>canap\u00e9 d\u2019angle<\/strong><\/a> ou <strong><a href=\"https:\/\/www.simeuble.fr\/magasin-canape-lit\/\">convertible<\/a> et\/<\/strong>ou de <a href=\"https:\/\/www.simeuble.fr\/magasin-fauteuil-pouf\/\">votre fauteuil<\/a> est totale, du design \u00e0 la couleur, en passant par le tissu.<\/p>\n<h2><strong>Personnalisation couleur de votre canap\u00e9 : l&rsquo;\u00e9coute au c\u0153ur de la cr\u00e9ation<\/strong><\/h2>\n<p>Chez Simeuble, chaque projet commence par un \u00e9change. Nous prenons le temps de nous int\u00e9resser \u00e0 vous, \u00e0 vos centres d&rsquo;int\u00e9r\u00eat, et \u00e0 l&rsquo;ambiance que vous souhaitez instaurer dans votre int\u00e9rieur. Cette approche sur mesure, rendue possible par notre totale ind\u00e9pendance dans le choix de nos fournisseurs, nous permet de trouver des solutions pour cr\u00e9er <strong>votre propre mobilier<\/strong>.<\/p>\n<p>Que ce soit pour un <strong>canap\u00e9<\/strong>, un <strong>fauteuil<\/strong>, une chaise, un tabouret de bar ou m\u00eame une chaise de bureau, le r\u00e9sultat sera unique, comme vous.<\/p>\n<p><a href=\"https:\/\/www.simeuble.fr\/blog\/canape-fauteuil-surmesure-personnnalisation-tissu\/canape-3places-tissu-personnalise\/\" rel=\"attachment wp-att-6926\"><img decoding=\"async\" class=\"alignnone size-full wp-image-6926\" src=\"https:\/\/www.simeuble.fr\/blog\/wp-content\/uploads\/2026\/04\/canape-3places-tissu-personnalise.jpg\" alt=\"canape-personnalise\u0301 simeuble\" width=\"1024\" height=\"1024\" srcset=\"https:\/\/www.simeuble.fr\/blog\/wp-content\/uploads\/2026\/04\/canape-3places-tissu-personnalise.jpg 1024w, https:\/\/www.simeuble.fr\/blog\/wp-content\/uploads\/2026\/04\/canape-3places-tissu-personnalise-980x980.jpg 980w, https:\/\/www.simeuble.fr\/blog\/wp-content\/uploads\/2026\/04\/canape-3places-tissu-personnalise-480x480.jpg 480w\" sizes=\"(min-width: 0px) and (max-width: 480px) 480px, (min-width: 481px) and (max-width: 980px) 980px, (min-width: 981px) 1024px, 100vw\" \/><\/a><\/p>\n<p>\ud83c\udfac <em>Pour d\u00e9couvrir notre d\u00e9marche, regardez les vid\u00e9os o\u00f9 Lionel Coquet, le dirigeant, vous pr\u00e9sente <a href=\"https:\/\/www.youtube.com\/@simeuble6798\/videos\" target=\"_blank\" rel=\"noopener\">comment il d\u00e9niche des opportunit\u00e9s et du mobilier hors du commun lors de ses visites d&rsquo;usines.<\/a><\/em><\/p>\n<p>&nbsp;<\/p>\n<h2><strong>\ud83c\udfa8<\/strong><strong> Le processus de cr\u00e9ation graphique : quand vos photos deviennent un motif<\/strong><\/h2>\n<p>Le point culminant de la <strong>personnalisation tissu<\/strong> chez Simeuble est notre capacit\u00e9 \u00e0 transformer vos images et vos passions en un motif d&rsquo;ameublement de haute qualit\u00e9. Nous avons illustr\u00e9 l&rsquo;\u00e9tendue de nos capacit\u00e9s lors du salon \u00c9poque auto de Lyon, o\u00f9 nous avons cr\u00e9\u00e9 une collection en <strong>personnalisation totale<\/strong> sur le th\u00e8me \u00ab\u00a0Route 66, American Party Simeuble\u00a0\u00bb avec de v\u00e9ritables photos de voitures de collection.<\/p>\n<h3>Personnalisation sur mesure Motif Route 66, American Party Simeuble<\/h3>\n\n\t\t<style type=\"text\/css\">\n\t\t\t#gallery-1 {\n\t\t\t\tmargin: auto;\n\t\t\t}\n\t\t\t#gallery-1 .gallery-item {\n\t\t\t\tfloat: left;\n\t\t\t\tmargin-top: 10px;\n\t\t\t\ttext-align: center;\n\t\t\t\twidth: 33%;\n\t\t\t}\n\t\t\t#gallery-1 img {\n\t\t\t\tborder: 2px solid #cfcfcf;\n\t\t\t}\n\t\t\t#gallery-1 .gallery-caption {\n\t\t\t\tmargin-left: 0;\n\t\t\t}\n\t\t\t\/* see gallery_shortcode() in wp-includes\/media.php *\/\n\t\t<\/style>\n\t\t<div id='gallery-1' class='gallery galleryid-6924 gallery-columns-3 gallery-size-medium'><dl class='gallery-item'>\n\t\t\t<dt class='gallery-icon landscape'>\n\t\t\t\t<a href=\"https:\/\/www.simeuble.fr\/blog\/wp-content\/uploads\/2026\/04\/Cabriolet-pivotant-tissu-exclusif-Simeuble-American-cars.jpg\" title=\"\" data-rl_title=\"\" class=\"rl-gallery-link\" data-rl_caption=\"\" data-rel=\"lightbox-gallery-1\" data-rl_><img decoding=\"async\" width=\"300\" height=\"226\" src=\"https:\/\/www.simeuble.fr\/blog\/wp-content\/uploads\/2026\/04\/Cabriolet-pivotant-tissu-exclusif-Simeuble-American-cars-300x226.jpg\" class=\"attachment-medium size-medium\" alt=\"\" \/><\/a>\n\t\t\t<\/dt><\/dl><dl class='gallery-item'>\n\t\t\t<dt class='gallery-icon landscape'>\n\t\t\t\t<a href=\"https:\/\/www.simeuble.fr\/blog\/wp-content\/uploads\/2026\/04\/Fauteuil-accoudoirs-tissu-Americancars-creationexclusive-Simeuble.jpg\" title=\"\" data-rl_title=\"\" class=\"rl-gallery-link\" data-rl_caption=\"\" data-rel=\"lightbox-gallery-1\" data-rl_><img decoding=\"async\" width=\"300\" height=\"223\" src=\"https:\/\/www.simeuble.fr\/blog\/wp-content\/uploads\/2026\/04\/Fauteuil-accoudoirs-tissu-Americancars-creationexclusive-Simeuble-300x223.jpg\" class=\"attachment-medium size-medium\" alt=\"Fauteuil-accoudoirs-tissu-Americancars-creatione exclusive-Simeuble\" \/><\/a>\n\t\t\t<\/dt><\/dl><dl class='gallery-item'>\n\t\t\t<dt class='gallery-icon landscape'>\n\t\t\t\t<a href=\"https:\/\/www.simeuble.fr\/blog\/wp-content\/uploads\/2026\/04\/Fauteuil-haut-de-dossier-tissu-American-cars-creation-exclusive.jpg\" title=\"\" data-rl_title=\"\" class=\"rl-gallery-link\" data-rl_caption=\"\" data-rel=\"lightbox-gallery-1\" data-rl_><img decoding=\"async\" width=\"300\" height=\"224\" src=\"https:\/\/www.simeuble.fr\/blog\/wp-content\/uploads\/2026\/04\/Fauteuil-haut-de-dossier-tissu-American-cars-creation-exclusive-300x224.jpg\" class=\"attachment-medium size-medium\" alt=\"\" \/><\/a>\n\t\t\t<\/dt><\/dl><br style=\"clear: both\" \/><dl class='gallery-item'>\n\t\t\t<dt class='gallery-icon landscape'>\n\t\t\t\t<a href=\"https:\/\/www.simeuble.fr\/blog\/wp-content\/uploads\/2026\/04\/canape-lit-american-cars-route66.jpeg\" title=\"\" data-rl_title=\"\" class=\"rl-gallery-link\" data-rl_caption=\"\" data-rel=\"lightbox-gallery-1\" data-rl_><img decoding=\"async\" width=\"300\" height=\"225\" src=\"https:\/\/www.simeuble.fr\/blog\/wp-content\/uploads\/2026\/04\/canape-lit-american-cars-route66-300x225.jpeg\" class=\"attachment-medium size-medium\" alt=\"\" \/><\/a>\n\t\t\t<\/dt><\/dl><dl class='gallery-item'>\n\t\t\t<dt class='gallery-icon landscape'>\n\t\t\t\t<a href=\"https:\/\/www.simeuble.fr\/blog\/wp-content\/uploads\/2026\/04\/chaise-pieds-bois-naturel-creation-Simeuble.jpeg\" title=\"\" data-rl_title=\"\" class=\"rl-gallery-link\" data-rl_caption=\"\" data-rel=\"lightbox-gallery-1\" data-rl_><img decoding=\"async\" width=\"300\" height=\"300\" src=\"https:\/\/www.simeuble.fr\/blog\/wp-content\/uploads\/2026\/04\/chaise-pieds-bois-naturel-creation-Simeuble-300x300.jpeg\" class=\"attachment-medium size-medium\" alt=\"Personnalistaion fauteuil canape tissu American cars cr\u00e9ation exclusive\" \/><\/a>\n\t\t\t<\/dt><\/dl><dl class='gallery-item'>\n\t\t\t<dt class='gallery-icon portrait'>\n\t\t\t\t<a href=\"https:\/\/www.simeuble.fr\/blog\/wp-content\/uploads\/2026\/04\/route-66.jpg\" title=\"\" data-rl_title=\"\" class=\"rl-gallery-link\" data-rl_caption=\"\" data-rel=\"lightbox-gallery-1\" data-rl_><img decoding=\"async\" width=\"229\" height=\"300\" src=\"https:\/\/www.simeuble.fr\/blog\/wp-content\/uploads\/2026\/04\/route-66-229x300.jpg\" class=\"attachment-medium size-medium\" alt=\"\" srcset=\"https:\/\/www.simeuble.fr\/blog\/wp-content\/uploads\/2026\/04\/route-66-229x300.jpg 229w, https:\/\/www.simeuble.fr\/blog\/wp-content\/uploads\/2026\/04\/route-66.jpg 288w\" sizes=\"(max-width: 229px) 100vw, 229px\" \/><\/a>\n\t\t\t<\/dt><\/dl><br style=\"clear: both\" \/>\n\t\t<\/div>\n\n<h2><\/h2>\n<h2><strong>De la photo au tissu sur mesure<\/strong><\/h2>\n<p>Le processus est pr\u00e9cis pour garantir un rendu parfait pour le rev\u00eatement de votre <strong>canap\u00e9 sur mesure<\/strong> :<\/p>\n<ol>\n<li><strong>R\u00e9ception du visuel :<\/strong> Vous nous fournissez vos propres photos (voitures de collection, animaux de compagnie, souvenirs de vacances&#8230;). La qualit\u00e9 de l&rsquo;image est essentielle pour un rendu haute d\u00e9finition. Nous recommandons un fichier avec une r\u00e9solution d&rsquo;au moins <strong>300 DPI<\/strong> \u00e0 l&rsquo;\u00e9chelle r\u00e9elle.<\/li>\n<li><strong>Cr\u00e9ation graphique :<\/strong> Notre \u00e9quipe travaille sur la mise en page. S&rsquo;agit-il d&rsquo;un motif plac\u00e9 (une seule grande image, par exemple sur le dossier d&rsquo;un fauteuil) ou d&rsquo;un motif r\u00e9p\u00e9titif (<em>all-over<\/em>) ? Nous assurons les raccords, ajustons la colorim\u00e9trie pour qu&rsquo;elle corresponde aux encres textiles, et finalisons la composition graphique.<\/li>\n<li><strong>Impression textile sp\u00e9cialis\u00e9e :<\/strong> Le visuel est ensuite imprim\u00e9 sur un <strong>tissu d&rsquo;ameublement qualitatif<\/strong> gr\u00e2ce \u00e0 \u00a0un proc\u00e9d\u00e9 d\u2019impression num\u00e9rique, effectu\u00e9e par un de nos fournisseurs fiables en France, et en Europe. L&rsquo;impression num\u00e9rique offre une richesse de couleurs illimit\u00e9e et une excellente tenue dans le temps.<\/li>\n<li><strong>Confection du mobilier :<\/strong> Le tissu ainsi cr\u00e9\u00e9 (<strong>votre propre tissu au m\u00e8tre<\/strong>, d&rsquo;une largeur de 1,4 m) est utilis\u00e9 par nos artisans fabricants, souvent bas\u00e9s en Sa\u00f4ne-et-Loire, pour confectionner votre meuble, garantissant un vrai savoir-faire fran\u00e7ais.<\/li>\n<\/ol>\n<p>C&rsquo;est ainsi que la photo de votre voiture de collection, de votre animal favori, de votre tableau pr\u00e9f\u00e9r\u00e9 peut d\u00e9sormais vous accompagner 24h\/24 dans votre salon, sur un <strong>fauteuil personnalis\u00e9<\/strong> \u00e0 votre image.<\/p>\n<h2><strong>\ud83e\ude91<\/strong><strong> Un choix illimit\u00e9 : plus de 500 000 mod\u00e8les pour votre mobilier de r\u00eave<\/strong><\/h2>\n<p>Si la <strong>personnalisation du tissu<\/strong> est notre signature, le choix du mod\u00e8le de base est tout aussi important. Notre catalogue est incroyablement vaste, avec plus de <strong>500 000 mod\u00e8les<\/strong> diff\u00e9rents pour vous permettre de concr\u00e9tiser le mobilier de vos r\u00eaves !<\/p>\n\n\t\t<style type=\"text\/css\">\n\t\t\t#gallery-2 {\n\t\t\t\tmargin: auto;\n\t\t\t}\n\t\t\t#gallery-2 .gallery-item {\n\t\t\t\tfloat: left;\n\t\t\t\tmargin-top: 10px;\n\t\t\t\ttext-align: center;\n\t\t\t\twidth: 33%;\n\t\t\t}\n\t\t\t#gallery-2 img {\n\t\t\t\tborder: 2px solid #cfcfcf;\n\t\t\t}\n\t\t\t#gallery-2 .gallery-caption {\n\t\t\t\tmargin-left: 0;\n\t\t\t}\n\t\t\t\/* see gallery_shortcode() in wp-includes\/media.php *\/\n\t\t<\/style>\n\t\t<div id='gallery-2' class='gallery galleryid-6924 gallery-columns-3 gallery-size-large'><dl class='gallery-item'>\n\t\t\t<dt class='gallery-icon portrait'>\n\t\t\t\t<a href=\"https:\/\/www.simeuble.fr\/blog\/wp-content\/uploads\/2026\/04\/Chaise-pieds-bois-tissu-vin-de-Bourgogne-creation-Simeuble.jpg\" title=\"\" data-rl_title=\"\" class=\"rl-gallery-link\" data-rl_caption=\"\" data-rel=\"lightbox-gallery-2\" data-rl_><img decoding=\"async\" width=\"682\" height=\"1024\" src=\"https:\/\/www.simeuble.fr\/blog\/wp-content\/uploads\/2026\/04\/Chaise-pieds-bois-tissu-vin-de-Bourgogne-creation-Simeuble-682x1024.jpg\" class=\"attachment-large size-large\" alt=\"\" aria-describedby=\"gallery-2-6931\" srcset=\"https:\/\/www.simeuble.fr\/blog\/wp-content\/uploads\/2026\/04\/Chaise-pieds-bois-tissu-vin-de-Bourgogne-creation-Simeuble-682x1024.jpg 682w, https:\/\/www.simeuble.fr\/blog\/wp-content\/uploads\/2026\/04\/Chaise-pieds-bois-tissu-vin-de-Bourgogne-creation-Simeuble-480x721.jpg 480w\" sizes=\"(min-width: 0px) and (max-width: 480px) 480px, (min-width: 481px) 682px, 100vw\" \/><\/a>\n\t\t\t<\/dt>\n\t\t\t\t<dd class='wp-caption-text gallery-caption' id='gallery-2-6931'>\n\t\t\t\tChaise pieds bois tissu vin de Bourgogne creation Simeuble\n\t\t\t\t<\/dd><\/dl><dl class='gallery-item'>\n\t\t\t<dt class='gallery-icon portrait'>\n\t\t\t\t<a href=\"https:\/\/www.simeuble.fr\/blog\/wp-content\/uploads\/2026\/04\/Tabouret-personnalisation-Simeuble-scaled.jpeg\" title=\"\" data-rl_title=\"\" class=\"rl-gallery-link\" data-rl_caption=\"\" data-rel=\"lightbox-gallery-2\" data-rl_><img decoding=\"async\" width=\"682\" height=\"1024\" src=\"https:\/\/www.simeuble.fr\/blog\/wp-content\/uploads\/2026\/04\/Tabouret-personnalisation-Simeuble-682x1024.jpeg\" class=\"attachment-large size-large\" alt=\"\" aria-describedby=\"gallery-2-6935\" \/><\/a>\n\t\t\t<\/dt>\n\t\t\t\t<dd class='wp-caption-text gallery-caption' id='gallery-2-6935'>\n\t\t\t\tTabouret personnalisation Simeuble\n\t\t\t\t<\/dd><\/dl><dl class='gallery-item'>\n\t\t\t<dt class='gallery-icon portrait'>\n\t\t\t\t<a href=\"https:\/\/www.simeuble.fr\/blog\/wp-content\/uploads\/2026\/04\/chaise-pieds-bois-tissu-personnalise-scaled.jpeg\" title=\"\" data-rl_title=\"\" class=\"rl-gallery-link\" data-rl_caption=\"\" data-rel=\"lightbox-gallery-2\" data-rl_><img decoding=\"async\" width=\"682\" height=\"1024\" src=\"https:\/\/www.simeuble.fr\/blog\/wp-content\/uploads\/2026\/04\/chaise-pieds-bois-tissu-personnalise-682x1024.jpeg\" class=\"attachment-large size-large\" alt=\"Chaise pieds bois tissu vin de Bourgogne\" \/><\/a>\n\t\t\t<\/dt><\/dl><br style=\"clear: both\" \/>\n\t\t<\/div>\n\n<p>La vari\u00e9t\u00e9 va bien au-del\u00e0 des simples canap\u00e9s deux ou trois places. Chez Simeuble, vous trouverez la solution id\u00e9ale pour chaque espace et chaque besoin de confort :<\/p>\n<h3><strong>Les familles de canap\u00e9s personnalisables :<\/strong><\/h3>\n<table>\n<thead>\n<tr>\n<td style=\"width: 166.883px;\"><strong>Cat\u00e9gorie de mod\u00e8le<\/strong><\/td>\n<td style=\"width: 712.109px;\"><strong>Caract\u00e9ristiques de personnalisation<\/strong><\/td>\n<\/tr>\n<\/thead>\n<tbody>\n<tr>\n<td style=\"width: 166.883px;\"><strong>Canap\u00e9s modulables et d&rsquo;angle<\/strong><\/td>\n<td style=\"width: 712.109px;\">Id\u00e9aux pour les grands s\u00e9jours. Choisissez la longueur, la profondeur, l&#8217;emplacement de la m\u00e9ridienne ou de la chauffeuse d&rsquo;angle.<\/td>\n<\/tr>\n<tr>\n<td style=\"width: 166.883px;\"><strong>Canap\u00e9s relax \u00e9lectriques<\/strong><\/td>\n<td style=\"width: 712.109px;\">Pour un confort maximal. Choisissez le type de mousse (Bultex ou ressorts), les t\u00eati\u00e8res r\u00e9glables et l&rsquo;int\u00e9gration d&rsquo;assises relax.<\/td>\n<\/tr>\n<tr>\n<td style=\"width: 166.883px;\"><strong>Canap\u00e9s fixes et design<\/strong><\/td>\n<td style=\"width: 712.109px;\">Pour les amoureux des lignes \u00e9pur\u00e9es (Chesterfield, contemporain, scandinave). <strong>Personnalisation couleur<\/strong> et mati\u00e8re (cuir, microfibre, tissu).<\/td>\n<\/tr>\n<tr>\n<td style=\"width: 166.883px;\"><strong>Mobilier d&rsquo;appoint<\/strong><\/td>\n<td style=\"width: 712.109px;\">Fauteuils, poufs, tabourets de bar et chaises de bureau. Tous peuvent b\u00e9n\u00e9ficier de la <strong>personnalisation tissu<\/strong> ou du choix parmi des centaines de rev\u00eatements.<\/td>\n<\/tr>\n<\/tbody>\n<\/table>\n<p>&nbsp;<\/p>\n<p>Que vous recherchiez un canap\u00e9 panoramique XXL sur mesure ou un fauteuil cocooning avec assises coulissantes, \u00e9lectrique ou pas, chaque mod\u00e8le offre des options infinies en termes de <strong>rev\u00eatements, de dimensions et de conforts<\/strong>.<\/p>\n<p>Choisir Simeuble, c&rsquo;est opter pour :<\/p>\n<ul>\n<li><strong>l&rsquo;Unicit\u00e9 :<\/strong> poss\u00e9der un meuble que personne d&rsquo;autre n&rsquo;a.<\/li>\n<li><strong>l&rsquo;Harmonie :<\/strong> assurer une int\u00e9gration parfaite avec votre d\u00e9coration int\u00e9rieure.<\/li>\n<li><strong>la Qualit\u00e9 :<\/strong> b\u00e9n\u00e9ficier de mat\u00e9riaux durables et d&rsquo;un savoir-faire fran\u00e7ais et europ\u00e9en reconnu.<\/li>\n<\/ul>\n<p>&nbsp;<\/p>\n<h3><strong>\ud83d\udc49<\/strong><strong> Pr\u00eat \u00e0 cr\u00e9er votre meuble unique ?<\/strong><\/h3>\n<p>Venez d\u00e9couvrir les possibilit\u00e9s infinies de la <strong>personnalisation couleur et tissu<\/strong> dans notre magasin Simeuble \u00e0 <strong>Pierre de Bresse<\/strong>.<\/p>\n<p style=\"text-align: center;\"><a href=\"https:\/\/www.simeuble.fr\/contact-simeuble.php\" class=\"big-button bigblue\" target=\"_blank\">Contactez la Team pour personnaliser mon tissu, mon Meuble unique !<\/a><\/p>\n<p style=\"text-align: center;\"><strong>Votre d\u00e9coration int\u00e9rieure m\u00e9rite d&rsquo;\u00eatre \u00e0 votre image\u00a0!<\/strong><\/p>\n<p>&nbsp;<\/p>\n\n\t\t<style type=\"text\/css\">\n\t\t\t#gallery-3 {\n\t\t\t\tmargin: auto;\n\t\t\t}\n\t\t\t#gallery-3 .gallery-item {\n\t\t\t\tfloat: left;\n\t\t\t\tmargin-top: 10px;\n\t\t\t\ttext-align: center;\n\t\t\t\twidth: 33%;\n\t\t\t}\n\t\t\t#gallery-3 img {\n\t\t\t\tborder: 2px solid #cfcfcf;\n\t\t\t}\n\t\t\t#gallery-3 .gallery-caption {\n\t\t\t\tmargin-left: 0;\n\t\t\t}\n\t\t\t\/* see gallery_shortcode() in wp-includes\/media.php *\/\n\t\t<\/style>\n\t\t<div id='gallery-3' class='gallery galleryid-6924 gallery-columns-3 gallery-size-large'><dl class='gallery-item'>\n\t\t\t<dt class='gallery-icon portrait'>\n\t\t\t\t<a href=\"https:\/\/www.simeuble.fr\/blog\/wp-content\/uploads\/2026\/04\/fauteuil-sur-mesure-tissu-personalise.jpeg\" title=\"\" data-rl_title=\"\" class=\"rl-gallery-link\" data-rl_caption=\"\" data-rel=\"lightbox-gallery-3\" data-rl_><img decoding=\"async\" width=\"830\" height=\"1024\" src=\"https:\/\/www.simeuble.fr\/blog\/wp-content\/uploads\/2026\/04\/fauteuil-sur-mesure-tissu-personalise-830x1024.jpeg\" class=\"attachment-large size-large\" alt=\"\" \/><\/a>\n\t\t\t<\/dt><\/dl><dl class='gallery-item'>\n\t\t\t<dt class='gallery-icon portrait'>\n\t\t\t\t<a href=\"https:\/\/www.simeuble.fr\/blog\/wp-content\/uploads\/2026\/04\/Fauteuil-personnalise.jpeg\" title=\"\" data-rl_title=\"\" class=\"rl-gallery-link\" data-rl_caption=\"\" data-rel=\"lightbox-gallery-3\" data-rl_><img decoding=\"async\" width=\"822\" height=\"1024\" src=\"https:\/\/www.simeuble.fr\/blog\/wp-content\/uploads\/2026\/04\/Fauteuil-personnalise-822x1024.jpeg\" class=\"attachment-large size-large\" alt=\"\" \/><\/a>\n\t\t\t<\/dt><\/dl><dl class='gallery-item'>\n\t\t\t<dt class='gallery-icon portrait'>\n\t\t\t\t<a href=\"https:\/\/www.simeuble.fr\/blog\/wp-content\/uploads\/2026\/04\/fauteuil-sur-mesure.jpeg\" title=\"\" data-rl_title=\"\" class=\"rl-gallery-link\" data-rl_caption=\"\" data-rel=\"lightbox-gallery-3\" data-rl_><img decoding=\"async\" width=\"811\" height=\"1024\" src=\"https:\/\/www.simeuble.fr\/blog\/wp-content\/uploads\/2026\/04\/fauteuil-sur-mesure-811x1024.jpeg\" class=\"attachment-large size-large\" alt=\"3 fauteuils Simeuble dont le tissu est personnalis\u00e9\" \/><\/a>\n\t\t\t<\/dt><\/dl><br style=\"clear: both\" \/>\n\t\t<\/div>\n\n<p>&nbsp;<\/p>\n","protected":false},"excerpt":{"rendered":"<p>\ud83d\udecb\ufe0f Canap\u00e9 et fauteuil sur mesure : la personnalisation tissu red\u00e9finit votre d\u00e9coration int\u00e9rieure Vous \u00eates \u00e0 la recherche du meuble parfait, celui qui ne ressemble \u00e0 aucun autre et qui raconte votre histoire ? Chez Simeuble, nous allons bien au-del\u00e0 du simple choix de mod\u00e8les. Nous vous offrons le pouvoir de cr\u00e9er un mobilier [&hellip;]<\/p>\n","protected":false},"author":8,"featured_media":6933,"comment_status":"open","ping_status":"open","sticky":false,"template":"","format":"standard","meta":{"_et_pb_use_builder":"","_et_pb_old_content":"","_et_gb_content_width":"","footnotes":""},"categories":[9,8],"tags":[200,139,201],"dipi_cpt_category":[],"class_list":["post-6924","post","type-post","status-publish","format-standard","has-post-thumbnail","hentry","category-conseils-deco","category-tendance-deco","tag-personnalisation","tag-sur-mesure","tag-tissu-personnalise"],"_links":{"self":[{"href":"https:\/\/www.simeuble.fr\/blog\/wp-json\/wp\/v2\/posts\/6924","targetHints":{"allow":["GET"]}}],"collection":[{"href":"https:\/\/www.simeuble.fr\/blog\/wp-json\/wp\/v2\/posts"}],"about":[{"href":"https:\/\/www.simeuble.fr\/blog\/wp-json\/wp\/v2\/types\/post"}],"author":[{"embeddable":true,"href":"https:\/\/www.simeuble.fr\/blog\/wp-json\/wp\/v2\/users\/8"}],"replies":[{"embeddable":true,"href":"https:\/\/www.simeuble.fr\/blog\/wp-json\/wp\/v2\/comments?post=6924"}],"version-history":[{"count":7,"href":"https:\/\/www.simeuble.fr\/blog\/wp-json\/wp\/v2\/posts\/6924\/revisions"}],"predecessor-version":[{"id":6945,"href":"https:\/\/www.simeuble.fr\/blog\/wp-json\/wp\/v2\/posts\/6924\/revisions\/6945"}],"wp:featuredmedia":[{"embeddable":true,"href":"https:\/\/www.simeuble.fr\/blog\/wp-json\/wp\/v2\/media\/6933"}],"wp:attachment":[{"href":"https:\/\/www.simeuble.fr\/blog\/wp-json\/wp\/v2\/media?parent=6924"}],"wp:term":[{"taxonomy":"category","embeddable":true,"href":"https:\/\/www.simeuble.fr\/blog\/wp-json\/wp\/v2\/categories?post=6924"},{"taxonomy":"post_tag","embeddable":true,"href":"https:\/\/www.simeuble.fr\/blog\/wp-json\/wp\/v2\/tags?post=6924"},{"taxonomy":"dipi_cpt_category","embeddable":true,"href":"https:\/\/www.simeuble.fr\/blog\/wp-json\/wp\/v2\/dipi_cpt_category?post=6924"}],"curies":[{"name":"wp","href":"https:\/\/api.w.org\/{rel}","templated":true}]}}